{"id":370740,"date":"2025-09-06T13:50:11","date_gmt":"2025-09-06T13:50:11","guid":{"rendered":"https:\/\/www.europesays.com\/fr\/370740\/"},"modified":"2025-09-06T13:50:11","modified_gmt":"2025-09-06T13:50:11","slug":"priscilla-presley-accusee-davoir-precipite-la-mort-de-sa-fille-lisa-marie","status":"publish","type":"post","link":"https:\/\/www.europesays.com\/fr\/370740\/","title":{"rendered":"Priscilla Presley accus\u00e9e d\u2019avoir pr\u00e9cipit\u00e9 la mort de sa fille, Lisa Marie"},"content":{"rendered":"<p>Alors que l\u2019ex-\u00e9pouse d\u2019Elvis Presley livre une bataille juridique contre ses anciens partenaires commerciaux, des extraits de ses m\u00e9moires non publi\u00e9es d\u00e9voilent les d\u00e9tails du d\u00e9c\u00e8s de sa fille.<\/p>\n<p class=\"fig-paragraph\">Le 12 janvier 2023,\u00a0<a href=\"http:\/\/madame.lefigaro.fr\/celebrites\/actu-people\/deces-de-lisa-marie-presley-les-causes-de-sa-mort-enfin-revelees-20230714\" data-fig-type=\"Article\" data-gtm-custom-categorie=\"navigation\" data-gtm-custom-action=\"crossclick\" data-gtm-custom-label=\"Contextuel\" data-gtm-event=\"customEventSPE\" data-fig-domain=\"MADAME\" target=\"_blank\" rel=\"noopener\">Lisa Marie Presley rendait son dernier souffle<\/a>\u00a0\u00e0 la suite d\u2019une crise cardiaque provoqu\u00e9e par une obstruction de l\u2019intestin gr\u00eale. R\u00e9cemment, les d\u00e9tails de ses derniers instants ont \u00e9t\u00e9 d\u00e9voil\u00e9s \u00e0 travers les m\u00e9moires non publi\u00e9es de sa m\u00e8re, Priscilla Presley. Le 13 ao\u00fbt dernier,\u00a0<a href=\"https:\/\/www.rollingstone.com\/music\/music-news\/priscilla-presley-sued-partners-elder-abuse-lisa-marie-1235407345\/\" target=\"_blank\" rel=\"sponsored noopener\" data-gtm-custom-categorie=\"navigation\" data-gtm-custom-action=\"crossclick\" data-gtm-custom-label=\"Contextuel\" data-gtm-event=\"customEventSPE\">Rolling Stones<\/a>\u00a0r\u00e9v\u00e9lait que les anciens partenaires commerciaux de l\u2019ex-femme d\u2019Elvis Presley, Brigitte Kruse et Kevin Fialko, avaient d\u00e9cid\u00e9 de la poursuivre en justice pour avoir pr\u00e9cipit\u00e9 la mort de\u00a0<a href=\"http:\/\/madame.lefigaro.fr\/celebrites\/j-ai-toujours-eu-peur-que-mon-pere-meure-les-revelations-de-lisa-marie-presley-dans-ses-memoires-posthumes-20240927\" data-fig-type=\"Article\" data-gtm-custom-categorie=\"navigation\" data-gtm-custom-action=\"crossclick\" data-gtm-custom-label=\"Contextuel\" data-gtm-event=\"customEventSPE\" data-fig-domain=\"MADAME\" target=\"_blank\" rel=\"noopener\">sa fille a\u00een\u00e9e, issue de sa relation avec le King<\/a>, pour des raisons financi\u00e8res, sans avoir suivi les directives de la d\u00e9funte.<\/p>\n<p class=\"fig-paragraph\">Parmi les preuves r\u00e9unis par les enqu\u00eateurs, un extrait des m\u00e9moires \u00e9crites par Priscilla Presley et non publi\u00e9es, intitul\u00e9es Softly, As I Leave You\u00a0: Life After Elvis, rapporte\u00a0<a href=\"https:\/\/pagesix.com\/2025\/09\/05\/celebrity-news\/new-details-of-lisa-marie-presleys-death-revealed\/\" target=\"_blank\" rel=\"sponsored noopener\" data-gtm-custom-categorie=\"navigation\" data-gtm-custom-action=\"crossclick\" data-gtm-custom-label=\"Contextuel\" data-gtm-event=\"customEventSPE\">Page Six<\/a> . \u00c0 travers ces quelques pages, elle raconte les derniers instants de Lisa Marie expliquant s\u2019\u00eatre pr\u00e9cipit\u00e9e au chevet de celle-ci peu de temps apr\u00e8s avoir \u00e9t\u00e9 admise \u00e0 l\u2019h\u00f4pital en \u00e9tat de mort c\u00e9r\u00e9brale, alors qu\u2019elle avait \u00e9t\u00e9 retrouv\u00e9e inconsciente dans sa chambre par sa gouvernante.<\/p>\n<p class=\"fig-body-link&#10;    \">\n            \u00c0 lire aussi<br \/>\n        <a class=\"fig-body-link__link\" href=\"http:\/\/madame.lefigaro.fr\/celebrites\/je-n-ai-pas-connu-de-grands-succes-musicaux-je-n-ai-jamais-termine-le-lycee-je-ne-suis-pas-jolie-le-destin-tourmente-de-lisa-marie-presley-20241010\" data-fig-type=\"Article\" data-gtm-custom-categorie=\"navigation\" data-gtm-custom-action=\"crossclick\" data-gtm-custom-label=\"Contextuel\" data-gtm-event=\"customEventSPE\" data-fig-domain=\"MADAME\" target=\"_blank\" rel=\"noopener\">\u00abJe n&rsquo;ai pas connu de grands succ\u00e8s musicaux, je n&rsquo;ai jamais termin\u00e9 le lyc\u00e9e, je ne suis pas jolie\u00bb\u00a0: le destin tourment\u00e9 de Lisa Marie Presley<\/a>\n<\/p>\n<p>                                    <a class=\"fig-a11y-skip a11y-hidden\" href=\"#fig-a11y-skip-main-inarticle\"><br \/>\n        Passer la publicit\u00e9<br \/>\n    <\/a><\/p>\n<p>\u00abRien ne garantissait qu\u2019il continuerait \u00e0 battre\u00bb<\/p>\n<p class=\"fig-paragraph\">Alors qu\u2019elle \u00e9tait seule aux c\u00f4t\u00e9s de Lisa Marie, attendant\u00a0<a href=\"http:\/\/madame.lefigaro.fr\/celebrites\/actu-people\/priscilla-lisa-marie-riley-trois-generations-de-presley-reunies-a-l-avant-premiere-du-film-elvis-20220613\" data-fig-type=\"Article\" data-gtm-custom-categorie=\"navigation\" data-gtm-custom-action=\"crossclick\" data-gtm-custom-label=\"Contextuel\" data-gtm-event=\"customEventSPE\" data-fig-domain=\"MADAME\" target=\"_blank\" rel=\"noopener\">l\u2019arriv\u00e9e de Riley Keough, sa petite-fille<\/a>, le c\u0153ur de la chanteuse a cess\u00e9 de battre. \u00abLa chose dont je me souviens, c\u2019est le m\u00e9decin qui me parlait\u00bb, a \u00e9crit l\u2019ex-femme d\u2019Elvis selon Page Six. \u00abIl m\u2019a demand\u00e9 ce que je voulais qu\u2019il fasse. Ils avaient r\u00e9ussi \u00e0 faire repartir le c\u0153ur de Lisa, mais rien ne garantissait qu\u2019il continuerait \u00e0 battre.\u00bb L\u2019\u00e9quipe m\u00e9dicale lui explique qu\u2019il est possible de la maintenir en vie gr\u00e2ce aux machines, mais son activit\u00e9 c\u00e9r\u00e9brale reste tr\u00e8s faible. \u00abJ\u2019ai pens\u00e9 \u00e0 ma fille, ma fille sauvage, rebelle et passionn\u00e9e, allong\u00e9e dans un \u00e9tat v\u00e9g\u00e9tatif pour le reste de sa vie\u00bb, a \u00e9crit Priscilla Presley. \u00abD\u00e9branchez-la docteur\u00bb, aurait-elle souffl\u00e9 d\u2019une voix \u00ab\u00e0 peine plus forte qu\u2019un murmure\u00bb, avant de perdre connaissance. \u00abC\u2019\u00e9tait insupportable. J\u2019ai commenc\u00e9 \u00e0 sangloter. Je ne me souviens pas \u00eatre tomb\u00e9e. Apr\u00e8s cela, tout est devenu noir&#8230; Je ne veux pas m\u2019en souvenir\u00bb, a-t-elle ajout\u00e9.<\/p>\n<p class=\"fig-paragraph\">Selon la plainte d\u00e9pos\u00e9e par Brigitte Kruse et Kevin Fialko, Priscilla Presley a pris cette d\u00e9cision seule, sans prendre en compte les demandes de sa fille. En effet, Lisa Marie aurait d\u00e9j\u00e0 exprim\u00e9 le d\u00e9sir de vouloir prolonger sa vie \u00abaussi longtemps que possible\u00bb, avant que son \u00e9tat de sant\u00e9 ne se d\u00e9grade. \u00abMalgr\u00e9 la directive claire de Lisa de \u201cprolonger sa vie\u201d, Priscilla a d\u00e9branch\u00e9 la machine quelques heures apr\u00e8s l\u2019admission de Lisa\u00bb, rapporte la plainte selon Rolling Stones. Une d\u00e9cision prise avant que Riley Keough, la fille de la d\u00e9funte, n\u2019arrive \u00e0 l\u2019h\u00f4pital.<\/p>\n","protected":false},"excerpt":{"rendered":"Alors que l\u2019ex-\u00e9pouse d\u2019Elvis Presley livre une bataille juridique contre ses anciens partenaires commerciaux, des extraits de ses&hellip;\n","protected":false},"author":2,"featured_media":370741,"comment_status":"","ping_status":"","sticky":false,"template":"","format":"standard","meta":{"footnotes":""},"categories":[1359],"tags":[3983,58,2773,59,1011,27,973],"class_list":{"0":"post-370740","1":"post","2":"type-post","3":"status-publish","4":"format-standard","5":"has-post-thumbnail","7":"category-people","8":"tag-deces","9":"tag-divertissement","10":"tag-enfants-de","11":"tag-entertainment","12":"tag-fr","13":"tag-france","14":"tag-people"},"share_on_mastodon":{"url":"https:\/\/pubeurope.com\/@fr\/115157678427476023","error":""},"_links":{"self":[{"href":"https:\/\/www.europesays.com\/fr\/wp-json\/wp\/v2\/posts\/370740","targetHints":{"allow":["GET"]}}],"collection":[{"href":"https:\/\/www.europesays.com\/fr\/wp-json\/wp\/v2\/posts"}],"about":[{"href":"https:\/\/www.europesays.com\/fr\/wp-json\/wp\/v2\/types\/post"}],"author":[{"embeddable":true,"href":"https:\/\/www.europesays.com\/fr\/wp-json\/wp\/v2\/users\/2"}],"replies":[{"embeddable":true,"href":"https:\/\/www.europesays.com\/fr\/wp-json\/wp\/v2\/comments?post=370740"}],"version-history":[{"count":0,"href":"https:\/\/www.europesays.com\/fr\/wp-json\/wp\/v2\/posts\/370740\/revisions"}],"wp:featuredmedia":[{"embeddable":true,"href":"https:\/\/www.europesays.com\/fr\/wp-json\/wp\/v2\/media\/370741"}],"wp:attachment":[{"href":"https:\/\/www.europesays.com\/fr\/wp-json\/wp\/v2\/media?parent=370740"}],"wp:term":[{"taxonomy":"category","embeddable":true,"href":"https:\/\/www.europesays.com\/fr\/wp-json\/wp\/v2\/categories?post=370740"},{"taxonomy":"post_tag","embeddable":true,"href":"https:\/\/www.europesays.com\/fr\/wp-json\/wp\/v2\/tags?post=370740"}],"curies":[{"name":"wp","href":"https:\/\/api.w.org\/{rel}","templated":true}]}}