{"id":370742,"date":"2025-09-06T13:51:11","date_gmt":"2025-09-06T13:51:11","guid":{"rendered":"https:\/\/www.europesays.com\/fr\/370742\/"},"modified":"2025-09-06T13:51:11","modified_gmt":"2025-09-06T13:51:11","slug":"refugie-politique-ingenieur-psychanalyste-lincroyable-parcours-du-peintre-et-calligraphe-hassan-makaremi","status":"publish","type":"post","link":"https:\/\/www.europesays.com\/fr\/370742\/","title":{"rendered":"R\u00e9fugi\u00e9 politique, ing\u00e9nieur, psychanalyste\u2026 L\u2019incroyable parcours du peintre et calligraphe Hassan Makaremi"},"content":{"rendered":"<p>Hassan Makaremi re\u00e7oit dans son petit atelier de la rue de l\u2019Alma, dans le centre de Bergerac. Aux murs, une collection de masques tribaux, des cartes de l\u2019Iran et des calligraphies de l\u2019artiste. Dans une petite vitrine, quelques livres parmi la trentaine qu\u2019il a \u00e9crits. Des tapis, aussi, fabriqu\u00e9s en Iran \u00e0 partir de ses \u0153uvres.<\/p>\n<p>Et puis une grande bouteille de <a href=\"https:\/\/www.sudouest.fr\/vin\/dordogne-559-bouteilles-de-vin-perse-produites-a-bergerac-l-acte-de-resistance-de-masrour-makaremi-4405326.php\" target=\"_blank\" rel=\"follow nofollow noopener\">Cyrhus<\/a>, ce vin perse, interdit en Iran, que sa famille a recommenc\u00e9 \u00e0 vinifier en Bergeracois. Un acte de r\u00e9sistance dans l\u2019exil, face au r\u00e9gime des mollahs. Tout un symbole. \u00ab\u00a0Mon fils me l\u2019a offerte pour mon anniversaire, dit Hassan Makaremi. Peut-\u00eatre que je l\u2019ouvrirai pour le vernissage. En tout cas, on fera une d\u00e9gustation, c\u2019est s\u00fbr.\u00a0\u00bb<\/p>\n<p>Ce cabinet de curiosit\u00e9s illustre la vie \u2013 ou plut\u00f4t les vies \u2013 du ma\u00eetre des lieux\u00a0: ing\u00e9nieur, informaticien, psychanalyste, analyste en strat\u00e9gie internationale, artiste\u2026 La boulimie d\u2019apprendre et la br\u00fblure de l\u2019exil ont dessin\u00e9 son parcours original, plus riche et complexe qu\u2019un tapis persan, dont il d\u00e9noue les fils de l\u2019histoire.<\/p>\n<p>Prison, exil, deuil<\/p>\n<p>N\u00e9 \u00e0 Shiraz, en Iran, il y a\u00a0soixante-quinze ans, pass\u00e9 par l\u2019\u00e9cole Polytechnique de T\u00e9h\u00e9ran, il a connu la prison, l\u2019exil forc\u00e9, et la clandestinit\u00e9 pour son engagement contre le r\u00e9gime du shah, puis celui des mollahs. \u00ab\u00a0Pour ses activit\u00e9s politiques, mon \u00e9pouse a \u00e9t\u00e9 condamn\u00e9e en 1981 \u00e0 dix ans de prison par la R\u00e9publique islamique. Elle en a fait sept, avant d\u2019\u00eatre ex\u00e9cut\u00e9e en 1988.\u00a0\u00bb<\/p>\n<p>Hassan Makaremi fuit son pays au d\u00e9but des ann\u00e9es 1980 et n\u2019y retournera jamais. \u00ab\u00a0J\u2019ai tout laiss\u00e9 derri\u00e8re moi et j\u2019ai recommenc\u00e9 \u00e0 z\u00e9ro en arrivant en France. C\u2019\u00e9tait le 4\u00a0janvier 1983, \u00e0 2 heures du matin, a\u00e9roport Charles-de-Gaulle. J\u2019avais un laissez-passer du consulat et 1\u00a0500 francs en poche.\u00a0\u00bb<\/p>\n<blockquote><p>\u00ab\u00a0J\u2019ai tout laiss\u00e9 derri\u00e8re moi et j\u2019ai recommenc\u00e9 \u00e0 z\u00e9ro en arrivant en France\u00a0\u00bb<\/p><\/blockquote>\n<p>D\u00e9j\u00e0 titulaire d\u2019un doctorat en \u00e9lectronique en Iran, il valide un dipl\u00f4me d\u2019ing\u00e9nieur \u00e0 l\u2019\u00e9cole Centrale, et fait carri\u00e8re dans l\u2019informatique, notamment aux Haras nationaux de Limoges. \u00ab\u00a0En 1986, j\u2019ai pu construire une maison et faire venir mes enfants.\u00a0\u00bb Il s\u2019int\u00e9resse aussi \u00e0 la psychanalyse et valide un second doctorat, en 2003. Puis un troisi\u00e8me, en 2012, en strat\u00e9gie internationale.<\/p>\n<p>Styliser le monde<\/p>\n<p>Et l\u2019art, dans tout \u00e7a\u00a0? \u00ab\u00a0La peinture me passionne depuis l\u2019enfance, dit-il. Mais j\u2019ai commenc\u00e9 s\u00e9rieusement vers 1995, avec une premi\u00e8re exposition \u00e0 Limoges. Et maintenant j\u2019en suis \u00e0 plus d\u2019une trentaine, avec Cuba, la Russie, le Maroc, les Pays-Bas\u2026\u00a0\u00bb Beaucoup plus proche, la prochaine est pr\u00e9vue \u00e0 la galerie Garance de Bergerac, tout pr\u00e8s de son atelier (1).<\/p>\n<p>        <img decoding=\"async\" id=\"25763895\" src=\"https:\/\/www.europesays.com\/fr\/wp-content\/uploads\/2025\/09\/dsc-9600.jpg\" alt=\"Hassan Makaremi peint depuis l\u2019enfance et plus s\u00e9rieusement depuis 1995.\" itemprop=\"contentURL\"\/><\/p>\n<p>    Hassan Makaremi peint depuis l\u2019enfance et plus s\u00e9rieusement depuis 1995.<\/p>\n<p>T.\u00a0J.<\/p>\n<p>Passionn\u00e9 par le po\u00e8te persan Hafez, lui aussi originaire de Shiraz, Hassan Makaremi transcrit volontiers des passages de ses po\u00e8mes dans ses tableaux, avec une calligraphie toute personnelle. \u00ab\u00a0Ces quarante derni\u00e8res ann\u00e9es, je m\u2019aper\u00e7ois que je n\u2019ai fait que styliser ma perception du monde\u00a0\u00bb, r\u00e9sume-t-il.<\/p>\n<p>(1) \u00ab\u00a0Moi calligraphe\u2026\u00a0\u00bb , du samedi\u00a013 au samedi 27\u00a0septembre, \u00e0 la Galerie Garance, rue Saint-Louis. Conf\u00e9rence et vernissage, samedi\u00a013, \u00e0 partir de 10\u00a0h\u00a030. Stages de calligraphie les 16, 20 et 23\u00a0septembre. Renseignement et inscriptions au 06\u00a077\u00a079\u00a048\u00a072.<\/p>\n","protected":false},"excerpt":{"rendered":"Hassan Makaremi re\u00e7oit dans son petit atelier de la rue de l\u2019Alma, dans le centre de Bergerac. Aux&hellip;\n","protected":false},"author":2,"featured_media":370743,"comment_status":"","ping_status":"","sticky":false,"template":"","format":"standard","meta":{"footnotes":""},"categories":[1358],"tags":[1348,1384,1385,1386,58,59,1011,27],"class_list":{"0":"post-370742","1":"post","2":"type-post","3":"status-publish","4":"format-standard","5":"has-post-thumbnail","7":"category-arts-et-design","8":"tag-arts","9":"tag-arts-and-design","10":"tag-arts-et-design","11":"tag-design","12":"tag-divertissement","13":"tag-entertainment","14":"tag-fr","15":"tag-france"},"share_on_mastodon":{"url":"https:\/\/pubeurope.com\/@fr\/115157682675943907","error":""},"_links":{"self":[{"href":"https:\/\/www.europesays.com\/fr\/wp-json\/wp\/v2\/posts\/370742","targetHints":{"allow":["GET"]}}],"collection":[{"href":"https:\/\/www.europesays.com\/fr\/wp-json\/wp\/v2\/posts"}],"about":[{"href":"https:\/\/www.europesays.com\/fr\/wp-json\/wp\/v2\/types\/post"}],"author":[{"embeddable":true,"href":"https:\/\/www.europesays.com\/fr\/wp-json\/wp\/v2\/users\/2"}],"replies":[{"embeddable":true,"href":"https:\/\/www.europesays.com\/fr\/wp-json\/wp\/v2\/comments?post=370742"}],"version-history":[{"count":0,"href":"https:\/\/www.europesays.com\/fr\/wp-json\/wp\/v2\/posts\/370742\/revisions"}],"wp:featuredmedia":[{"embeddable":true,"href":"https:\/\/www.europesays.com\/fr\/wp-json\/wp\/v2\/media\/370743"}],"wp:attachment":[{"href":"https:\/\/www.europesays.com\/fr\/wp-json\/wp\/v2\/media?parent=370742"}],"wp:term":[{"taxonomy":"category","embeddable":true,"href":"https:\/\/www.europesays.com\/fr\/wp-json\/wp\/v2\/categories?post=370742"},{"taxonomy":"post_tag","embeddable":true,"href":"https:\/\/www.europesays.com\/fr\/wp-json\/wp\/v2\/tags?post=370742"}],"curies":[{"name":"wp","href":"https:\/\/api.w.org\/{rel}","templated":true}]}}