{"id":370746,"date":"2025-09-06T13:53:31","date_gmt":"2025-09-06T13:53:31","guid":{"rendered":"https:\/\/www.europesays.com\/fr\/370746\/"},"modified":"2025-09-06T13:53:31","modified_gmt":"2025-09-06T13:53:31","slug":"apres-4-ans-de-bons-et-loyaux-services-cette-figure-de-france-televisions-quitte-son-poste-la-direction-sactive-en-toute-discretion","status":"publish","type":"post","link":"https:\/\/www.europesays.com\/fr\/370746\/","title":{"rendered":"Apr\u00e8s 4 ans de bons et loyaux services, cette figure de France T\u00e9l\u00e9visions quitte son poste ! La direction s&rsquo;active en toute discr\u00e9tion"},"content":{"rendered":"<p>            <img loading=\"lazy\" decoding=\"async\" src=\"https:\/\/www.europesays.com\/fr\/wp-content\/uploads\/2025\/04\/67-60dc2d2db82b7-35x35-1.jpg\" class=\"author-article-picture\" width=\"35\" height=\"35\"\/><\/p>\n<p>                Par<br \/>\n                                    <a class=\"author-article-bio-link\" href=\"https:\/\/www.purepeople.com\/auteur\/hiba-semali_a67\" rel=\"nofollow noopener\" target=\"_blank\">Hiba Semali<\/a><br \/>\n                                                    | R\u00e9dactrice<\/p>\n<p>\n                Rattach\u00e9e \u00e0 la rubrique t\u00e9l\u00e9, Hiba Semali se consacre au petit \u00e9cran. The Voice, Koh-Lanta, Top Chef, Secret Story, Star Academy ou encore Les Marseillais n&rsquo;ont aucun secret pour elle.\n            <\/p>\n<p>\n    Il occupait l&rsquo;un des postes cl\u00e9s de France T\u00e9l\u00e9visions. C&rsquo;est d\u00e9sormais une aventure qui se termine. Et la direction le sait depuis quelques semaines, d&rsquo;o\u00f9 cette anticipation du remplacement en toute discr\u00e9tion.\n<\/p>\n<p>                            <img loading=\"lazy\" decoding=\"async\" class=\"player-thumbnail\" src=\"https:\/\/www.europesays.com\/fr\/wp-content\/uploads\/2025\/09\/75647a11a68878be-580x326-2.jpg\" width=\"580\" height=\"326\"\/><\/p>\n<p>                    Apr\u00e8s 4 ans de bons et loyaux services, cette figure de France T\u00e9l\u00e9visions quitte son poste ! La direction s&rsquo;active en toute discr\u00e9tion<\/p>\n<p>La suite apr\u00e8s la publicit\u00e9<\/p>\n<p>Tout le long de l&rsquo;ann\u00e9e, le mercato m\u00e9dia bat son plein. Apr\u00e8s <a href=\"https:\/\/www.purepeople.com\/article\/un-apres-apres-son-rachat-par-le-milliardaire-rodolphe-saade-bfmtv-convoiterait-la-star-incontestable-de-france-inter-pour-rallier-ses-rangs_a536456\/1\" rel=\"nofollow noopener\" target=\"_blank\">le rachat de BFMTV par le milliardaire Rodolphe Saad\u00e9<\/a>, ils sont <a href=\"https:\/\/www.purepeople.com\/article\/bilan-des-departs-a-bfmtv-plus-de-40-personnes-sen-vont-une-figure-historique-reste-finalement-et-lea-salame-et-jean-michel-apathie-approches_a538785\/1\" rel=\"nofollow noopener\" target=\"_blank\">des dizaines \u00e0 avoir annonc\u00e9 leur d\u00e9part de la cha\u00eene<\/a> d&rsquo;information en continu. Mais les mouvements se font ressentir un peu partout, notamment chez France T\u00e9l\u00e9visions. En effet, <a href=\"https:\/\/www.purepeople.com\/article\/anne-sophie-lapix-na-pas-digere-son-eviction-du-20-heures-de-france-2-et-elle-le-dit-jaurais-prefere-que-ce-soit-plus_a541702\/1\" rel=\"nofollow noopener\" target=\"_blank\">Anne-Sophie Lapix a \u00e9t\u00e9 \u00e9cart\u00e9e du 20 heures<\/a> de France 2 <a href=\"https:\/\/www.purepeople.com\/article\/pour-le-20-heures-de-france-2-lea-salame-rayonne-avec-un-ensemble-a-plusieurs-centaines-deuros-dune-grande-maison-europeenne_a542101\/1\" rel=\"nofollow noopener\" target=\"_blank\">au profit de L\u00e9a Salam\u00e9<\/a>, journaliste de la maison. C&rsquo;est alors que <a href=\"https:\/\/www.purepeople.com\/article\/anne-sophie-lapix-fait-ses-premiers-pas-dans-le-groupe-m6-couacs-et-imprevus-au-programme_a541787\/1\" rel=\"nofollow noopener\" target=\"_blank\">la pr\u00e9sentatrice du journal t\u00e9l\u00e9vis\u00e9 a \u00e9t\u00e9 recrut\u00e9e chez M6<\/a>, tout comme une autre figure, <a href=\"https:\/\/www.purepeople.com\/article\/olivier-minne-quitte-france-televisions-l-animateur-de-fort-boyard-part-chez-la-concurrence_a537656\/1\" rel=\"nofollow noopener\" target=\"_blank\">Olivier Minne, qui quitte le groupe<\/a> apr\u00e8s des ann\u00e9es de bons et loyaux services. D\u00e9sormais, <strong>c&rsquo;est au tour d&rsquo;un autre nom de France T\u00e9l\u00e9visions de prendre le large<\/strong>.<\/p>\n<p>D&rsquo;apr\u00e8s les informations de nos confr\u00e8res de La Lettre, que Purem\u00e9dias est en mesure de confirmer, <strong>Cyril Graziani, chef du service politique du groupe depuis 2021, tire sa r\u00e9v\u00e9rence<\/strong>. Il quittera ses fonctions d\u00e8s le 15 septembre prochain. Et apr\u00e8s ? Il devrait rejoindre le France TV Studio, filiale de France T\u00e9l\u00e9visions afin de suivre la campagne pr\u00e9sidentielle \u00e0 venir, tout en conservant une pr\u00e9sence \u00e0 l&rsquo;antenne. Car Cyril Graziani aura pour mission de r\u00e9aliser des reportages, mais pas que. Il interviendra aussi en tant qu&rsquo;\u00e9ditorialiste politique et il sera possible de le retrouver dans la tranche du 18-20 heures de France Info. Toujours d&rsquo;apr\u00e8s nos confr\u00e8res, Cyril Graziani avait indiqu\u00e9 \u00e0 la direction son souhait de prendre de nouvelles fonctions au sein du groupe en ao\u00fbt dernier, avant de confirmer ceci par \u00e9crit ce vendredi 5 septembre.<\/p>\n<p>Cyril Graziani quitte son poste de chef du service politique de France T\u00e9l\u00e9visions<\/p>\n<p>Le d\u00e9part de Cyril Graziani n&rsquo;arrive pas au meilleur moment. En effet, son adjointe Anne Bourse s&rsquo;en va \u00e9galement. Elle devrait devenir num\u00e9ro du journal t\u00e9l\u00e9vis\u00e9 de 13 heures sur France 2. Un double d\u00e9part qu&rsquo;Alexandre Kara, directeur de l&rsquo;information du groupe, a anticip\u00e9 dans l&rsquo;ombre. La Lettre indique que ce dernier a <strong>discr\u00e8tement approch\u00e9 plusieurs journalistes<\/strong>. Ya\u00ebl Goosz, figure de France Inter et Mediawan, aurait d\u00e9clin\u00e9 l&rsquo;offre, voulant conserver ses interventions dans C \u00e0 vous. Guillaume Daret, qui avait quitt\u00e9 France T\u00e9l\u00e9visions pour BFMTV, a lui aussi \u00e9t\u00e9 contact\u00e9&#8230; \u00ab\u00a0sans succ\u00e8s\u00a0\u00bb. Il faudra donc attendre pour connaitre l&rsquo;identit\u00e9 du successeur de Cyril Graziani.<\/p>\n","protected":false},"excerpt":{"rendered":"Par Hiba Semali | R\u00e9dactrice Rattach\u00e9e \u00e0 la rubrique t\u00e9l\u00e9, Hiba Semali se consacre au petit \u00e9cran. The&hellip;\n","protected":false},"author":2,"featured_media":370747,"comment_status":"","ping_status":"","sticky":false,"template":"","format":"standard","meta":{"footnotes":""},"categories":[1356],"tags":[58,59,1011,27,252,1364],"class_list":{"0":"post-370746","1":"post","2":"type-post","3":"status-publish","4":"format-standard","5":"has-post-thumbnail","7":"category-television","8":"tag-divertissement","9":"tag-entertainment","10":"tag-fr","11":"tag-france","12":"tag-television","13":"tag-tv"},"share_on_mastodon":{"url":"https:\/\/pubeurope.com\/@fr\/115157690265082029","error":""},"_links":{"self":[{"href":"https:\/\/www.europesays.com\/fr\/wp-json\/wp\/v2\/posts\/370746","targetHints":{"allow":["GET"]}}],"collection":[{"href":"https:\/\/www.europesays.com\/fr\/wp-json\/wp\/v2\/posts"}],"about":[{"href":"https:\/\/www.europesays.com\/fr\/wp-json\/wp\/v2\/types\/post"}],"author":[{"embeddable":true,"href":"https:\/\/www.europesays.com\/fr\/wp-json\/wp\/v2\/users\/2"}],"replies":[{"embeddable":true,"href":"https:\/\/www.europesays.com\/fr\/wp-json\/wp\/v2\/comments?post=370746"}],"version-history":[{"count":0,"href":"https:\/\/www.europesays.com\/fr\/wp-json\/wp\/v2\/posts\/370746\/revisions"}],"wp:featuredmedia":[{"embeddable":true,"href":"https:\/\/www.europesays.com\/fr\/wp-json\/wp\/v2\/media\/370747"}],"wp:attachment":[{"href":"https:\/\/www.europesays.com\/fr\/wp-json\/wp\/v2\/media?parent=370746"}],"wp:term":[{"taxonomy":"category","embeddable":true,"href":"https:\/\/www.europesays.com\/fr\/wp-json\/wp\/v2\/categories?post=370746"},{"taxonomy":"post_tag","embeddable":true,"href":"https:\/\/www.europesays.com\/fr\/wp-json\/wp\/v2\/tags?post=370746"}],"curies":[{"name":"wp","href":"https:\/\/api.w.org\/{rel}","templated":true}]}}