{"id":370748,"date":"2025-09-06T13:54:10","date_gmt":"2025-09-06T13:54:10","guid":{"rendered":"https:\/\/www.europesays.com\/fr\/370748\/"},"modified":"2025-09-06T13:54:10","modified_gmt":"2025-09-06T13:54:10","slug":"il-y-a-6-ans-apres-un-tournant-decisif-cette-star-des-annees-90-a-tout-quitte-pour-sinstaller-a-arles-jai-reussi-a-redevenir-moi-meme","status":"publish","type":"post","link":"https:\/\/www.europesays.com\/fr\/370748\/","title":{"rendered":"Il y a 6 ans, apr\u00e8s un tournant d\u00e9cisif, cette star des ann\u00e9es 90 a tout quitt\u00e9 pour s&rsquo;installer \u00e0 Arles : \u00ab\u00a0j\u2019ai r\u00e9ussi \u00e0 redevenir moi-m\u00eame\u00a0\u00bb"},"content":{"rendered":"<p>La suite apr\u00e8s la publicit\u00e9<\/p>\n<p>Dans les ann\u00e9es 1990, un chanteur s&rsquo;est fait conna\u00eetre avec des hits m\u00ealant funk, pop et soul, comme \u00c0 l\u2019envers et Supernova Superstar. Il s&rsquo;agit bien \u00e9videmment de <a href=\"https:\/\/www.purepeople.com\/people\/sinclair_p259\" rel=\"nofollow noopener\" target=\"_blank\">Sinclair<\/a>. Apr\u00e8s plusieurs albums solo \u00e0 succ\u00e8s, il s&rsquo;est tourn\u00e9 vers la production et la composition pour d\u2019autres artistes. Reconnu pour son style funky et sa voix soul, il est aujourd\u2019hui consid\u00e9r\u00e9 comme une figure influente de la sc\u00e8ne pop-funk fran\u00e7aise. On l&rsquo;identifie \u00e9galement comme \u00e9tant un personnage marquant de la Nouvelle Star, ce c\u00e9l\u00e8bre crochet t\u00e9l\u00e9-musical pour lequel il \u00e9tait jur\u00e9, aux c\u00f4t\u00e9s d&rsquo;Andr\u00e9 Manoukian notamment.<\/p>\n<p>Ayant d&rsquo;abord eu une relation avec Emma de Caunes, la fille d&rsquo;Antoine de Caunes, avec laquelle il a eu une fille pr\u00e9nomm\u00e9e <a href=\"https:\/\/www.purepeople.com\/article\/sinclair-et-emma-de-caunes-leur-fille-nina-a-bien-grandi-une-jeune-femme-epanouie-deja-tres-sure-delle_a532175\/1\" rel=\"nofollow noopener\" target=\"_blank\">Nina<\/a>, il a \u00e9galement <a href=\"https:\/\/www.purepeople.com\/article\/marion-cotillard-en-couple-avec-sinclair-les-revelations-genantes-d-andre-manoukian_a498054\/1\" rel=\"nofollow noopener\" target=\"_blank\">partag\u00e9 la vie de Marion Cotillard<\/a>. Ainsi que celle de l&rsquo;\u00e9crivaine Amanda Sthers, la m\u00e8re des deux garcons de Patrick Bruel, Oscar et L\u00e9on. Dans un entretien exclusif accord\u00e9 au Parisien, que le quotidien vient de mettre en ligne sur son site internet ce vendredi 5 septembre, il \u00e9voque son actualit\u00e9 : il va sortir un double best of avec des in\u00e9dits et remonter sur sc\u00e8ne. \u00ab\u00a0Apr\u00e8s quelques festivals de chauffe, sa tourn\u00e9e commence le 10 octobre \u00e0 Toulouse, passe par la Cigale le 15 novembre (complet) et va se prolonger en 2026\u00a0\u00bb, pr\u00e9cisent nos confr\u00e8res.<\/p>\n<p>Mais cette interview \u00e9tait \u00e9galement l&rsquo;occasion pour Sinclair de revenir sur son d\u00e9m\u00e9nagement \u00e0 Arles, dans le sud de la France. Pourquoi avoir quitt\u00e9 Paris ? \u00ab\u00a0<strong>J\u2019y suis arriv\u00e9 il y a six ans, apr\u00e8s une p\u00e9riode de vie tr\u00e8s, tr\u00e8s dure, un crash. Je suis arriv\u00e9 comme un nomade, ne sachant plus tr\u00e8s bien qui j\u2019\u00e9tais et o\u00f9 j\u2019allais. En quelques semaines, j\u2019ai r\u00e9ussi \u00e0 redevenir moi-m\u00eame. J\u2019ai cr\u00e9\u00e9 un label avec des copains (Rockette Records, ndlr), et j\u2019ai fait des choses que je n\u2019avais jamais faites : monter des \u00e9v\u00e9nements, devenir DJ en herbe<\/strong>. J\u2019ai produit un artiste g\u00e9nial, A\u00efssa Malouk, et petit \u00e0 petit je suis revenu \u00e0 la musique.\u00a0\u00bb, raconte t-il.<\/p>\n<p>Sinclair sans filtre sur ses difficult\u00e9s du pass\u00e9, il \u00e9voque une \u00ab\u00a0d\u00e9pression\u00a0\u00bb<\/p>\n<p>Et d&rsquo;ajouter ceci, \u00e0 propos de sa \u00ab\u00a0pause\u00a0\u00bb musicale : \u00ab\u00a0J\u2019avais perdu l\u2019envie. J\u2019ai fait des concerts de 2015 \u00e0 2019 mais les gens ne venaient plus. Je sortais de la t\u00e9l\u00e9. Les gens m\u2019identifiaient, mais je n\u2019arrivais plus \u00e0 connecter avec le public. Et puis j\u2019avais une \u00e9nergie de merde. Je me suis tap\u00e9 un long hiver. Cela s\u2019appelle la d\u00e9pression. Soit je continuais \u00e0 creuser ma tombe, soit je quittais Paris.\u00a0\u00bb<\/p>\n<p>\u00ab\u00a0J\u2019ai commenc\u00e9 la musique hyper t\u00f4t, je suis parti comme un boulet de canon, je faisais plein de concerts, mais je n\u2019avais pas r\u00e9gl\u00e9 mes probl\u00e8mes. Et puis \u00e0 un moment, la drogue, les probl\u00e8mes de bl\u00e9, toutes les histoires de nazes que tu lis dans les livres, j\u2019ai tout fait. La machine s\u2019est gripp\u00e9e. Et l\u00e0, soit je continuais \u00e0 creuser ma tombe, soit je quittais Paris\u2026 <a href=\"https:\/\/www.purepeople.com\/article\/emma-de-caunes-et-sinclair-leur-fille-nina-a-21-ans-tendre-image-et-ressemblance-saisissante_a515081\/1\" rel=\"nofollow noopener\" target=\"_blank\">J\u2019ai d\u00fb laisser ma fille<\/a>, qui \u00e9tait grande, mais je devais me sauver. Depuis quatre ans, je bosse tous les jours. Je suis devenu\u00a0workaholic (accro au travail).\u00a0\u00bb, a-t-il \u00e9galement indiqu\u00e9. De fortes confidences de la part du chanteur.<\/p>\n<p>Aujourd&rsquo;hui, le voici donc de retour avec un EP (mini-album) pr\u00e9vu pour l\u2019\u00e9t\u00e9 2026, puis un deuxi\u00e8me : \u00ab\u00a0J\u2019ai des super chansons, j\u2019ai h\u00e2te de les enregistrer et les produire. \u00c7a va \u00eatre un sacr\u00e9 m\u00e9lange. Je red\u00e9couvre beaucoup de choses, les Clash,\u00a0Pink Floyd\u2026\u00a0\u00bb<\/p>\n","protected":false},"excerpt":{"rendered":"La suite apr\u00e8s la publicit\u00e9 Dans les ann\u00e9es 1990, un chanteur s&rsquo;est fait conna\u00eetre avec des hits m\u00ealant&hellip;\n","protected":false},"author":2,"featured_media":370749,"comment_status":"","ping_status":"","sticky":false,"template":"","format":"standard","meta":{"footnotes":""},"categories":[1355],"tags":[58,59,1011,27,1361,873],"class_list":{"0":"post-370748","1":"post","2":"type-post","3":"status-publish","4":"format-standard","5":"has-post-thumbnail","7":"category-musique","8":"tag-divertissement","9":"tag-entertainment","10":"tag-fr","11":"tag-france","12":"tag-music","13":"tag-musique"},"share_on_mastodon":{"url":"https:\/\/pubeurope.com\/@fr\/115157694212560697","error":""},"_links":{"self":[{"href":"https:\/\/www.europesays.com\/fr\/wp-json\/wp\/v2\/posts\/370748","targetHints":{"allow":["GET"]}}],"collection":[{"href":"https:\/\/www.europesays.com\/fr\/wp-json\/wp\/v2\/posts"}],"about":[{"href":"https:\/\/www.europesays.com\/fr\/wp-json\/wp\/v2\/types\/post"}],"author":[{"embeddable":true,"href":"https:\/\/www.europesays.com\/fr\/wp-json\/wp\/v2\/users\/2"}],"replies":[{"embeddable":true,"href":"https:\/\/www.europesays.com\/fr\/wp-json\/wp\/v2\/comments?post=370748"}],"version-history":[{"count":0,"href":"https:\/\/www.europesays.com\/fr\/wp-json\/wp\/v2\/posts\/370748\/revisions"}],"wp:featuredmedia":[{"embeddable":true,"href":"https:\/\/www.europesays.com\/fr\/wp-json\/wp\/v2\/media\/370749"}],"wp:attachment":[{"href":"https:\/\/www.europesays.com\/fr\/wp-json\/wp\/v2\/media?parent=370748"}],"wp:term":[{"taxonomy":"category","embeddable":true,"href":"https:\/\/www.europesays.com\/fr\/wp-json\/wp\/v2\/categories?post=370748"},{"taxonomy":"post_tag","embeddable":true,"href":"https:\/\/www.europesays.com\/fr\/wp-json\/wp\/v2\/tags?post=370748"}],"curies":[{"name":"wp","href":"https:\/\/api.w.org\/{rel}","templated":true}]}}