{"id":370750,"date":"2025-09-06T13:55:11","date_gmt":"2025-09-06T13:55:11","guid":{"rendered":"https:\/\/www.europesays.com\/fr\/370750\/"},"modified":"2025-09-06T13:55:11","modified_gmt":"2025-09-06T13:55:11","slug":"disney-enterre-le-projet-dadaptation-des-aristochats-en-prises-de-vue-reelles","status":"publish","type":"post","link":"https:\/\/www.europesays.com\/fr\/370750\/","title":{"rendered":"Disney enterre le projet d\u2019adaptation des \u00ab\u00a0Aristochats\u00a0\u00bb en prises de vue r\u00e9elles"},"content":{"rendered":"<p>Les fans nostalgiques du dessin anim\u00e9 de\u00a01970 peuvent respirer\u00a0: <a href=\"https:\/\/www.20minutes.fr\/arts-stars\/cinema\/4170790-20250902-age-glace-disney-annonce-grand-retour-manny-amis\" target=\"_blank\" class=\"c-link c-link--is-underlined\" rel=\"noopener\">Disney<\/a> a officiellement enterr\u00e9 <a href=\"https:\/\/www.20minutes.fr\/arts-stars\/cinema\/3221339-20220121-disney-lance-adaptation-aristochats-live-action\" target=\"_blank\" class=\"c-link c-link--is-underlined\" rel=\"noopener\">son projet d\u2019adaptation<\/a> des Aristochats en prises de vue r\u00e9elles.<\/p>\n<p>Questlove, qui devait porter le projet \u00e0 l\u2019\u00e9cran, a r\u00e9cemment confirm\u00e9 l\u2019information lors d\u2019une interview accord\u00e9e au <a href=\"https:\/\/creators.spotify.com\/pod\/profile\/score\/episodes\/Ahmir-Questlove-Thompson-e371enp\" rel=\"nofollow noopener\" target=\"_blank\" class=\"c-link c-link--is-underlined\">podcast<\/a> Score. \u00ab\u00a0J\u2019aurais ador\u00e9 faire Les Aristochats, mais il y a plus de 20 projets sur lesquels je pourrais travailler\u00a0\u00bb, a d\u00e9clar\u00e9 le musicien et r\u00e9alisateur, visiblement peu affect\u00e9 par cette annulation.<\/p>\n<p>Cette d\u00e9cision marque un coup d\u2019arr\u00eat dans la strat\u00e9gie de Disney consistant \u00e0 adapter syst\u00e9matiquement ses classiques d\u2019animation en films avec de vrais acteurs. Le projet devait raconter, comme l\u2019original, l\u2019histoire de Duchesse et de ses trois chatons, kidnapp\u00e9s par leur majordome pour r\u00e9cup\u00e9rer leur h\u00e9ritage, avant de rencontrer Thomas O\u2019Malley, l\u2019in\u00e9narrable chat de goutti\u00e8re parisien.<\/p>\n<p>Questlove ne ch\u00f4me pas<\/p>\n<p>Si <a href=\"https:\/\/www.20minutes.fr\/people\/4022812-20230211-grammy-awards-2023-apres-questlove-will-smith-participer-hommage-hip-hop\" target=\"_blank\" class=\"c-link c-link--is-underlined\" rel=\"noopener\">Questlove<\/a> ne semble pas particuli\u00e8rement contrari\u00e9 par cette annulation, c\u2019est qu\u2019il affiche un optimisme d\u00e9bordant pour ses futures r\u00e9alisations. La star des Roots pass\u00e9e derri\u00e8re la cam\u00e9ra pour des documentaires musicaux comme Summer of Soul et Sly Lives\u00a0! pr\u00e9voit de tourner quatre films au cours des cinq prochaines ann\u00e9es.<\/p>\n<p>Mais contentons-nous de nous r\u00e9jouir de cette bonne nouvelle\u00a0: Disney laissera tranquille l\u2019un des plus beaux films d\u2019animation de son catalogue, et on ne peut qu\u2019esp\u00e9rer que cet abandon signe un retour \u00e0 la raison d\u00e9finitif de Disney.<\/p>\n","protected":false},"excerpt":{"rendered":"Les fans nostalgiques du dessin anim\u00e9 de\u00a01970 peuvent respirer\u00a0: Disney a officiellement enterr\u00e9 son projet d\u2019adaptation des Aristochats&hellip;\n","protected":false},"author":2,"featured_media":370751,"comment_status":"","ping_status":"","sticky":false,"template":"","format":"standard","meta":{"footnotes":""},"categories":[1354],"tags":[650,32652,520,58,59,2081,1346,1011,27,1360,973,133],"class_list":{"0":"post-370750","1":"post","2":"type-post","3":"status-publish","4":"format-standard","5":"has-post-thumbnail","7":"category-films","8":"tag-cinema","9":"tag-dessin-anime","10":"tag-disney","11":"tag-divertissement","12":"tag-entertainment","13":"tag-film","14":"tag-films","15":"tag-fr","16":"tag-france","17":"tag-movies","18":"tag-people","19":"tag-video"},"share_on_mastodon":{"url":"https:\/\/pubeurope.com\/@fr\/115157698128867599","error":""},"_links":{"self":[{"href":"https:\/\/www.europesays.com\/fr\/wp-json\/wp\/v2\/posts\/370750","targetHints":{"allow":["GET"]}}],"collection":[{"href":"https:\/\/www.europesays.com\/fr\/wp-json\/wp\/v2\/posts"}],"about":[{"href":"https:\/\/www.europesays.com\/fr\/wp-json\/wp\/v2\/types\/post"}],"author":[{"embeddable":true,"href":"https:\/\/www.europesays.com\/fr\/wp-json\/wp\/v2\/users\/2"}],"replies":[{"embeddable":true,"href":"https:\/\/www.europesays.com\/fr\/wp-json\/wp\/v2\/comments?post=370750"}],"version-history":[{"count":0,"href":"https:\/\/www.europesays.com\/fr\/wp-json\/wp\/v2\/posts\/370750\/revisions"}],"wp:featuredmedia":[{"embeddable":true,"href":"https:\/\/www.europesays.com\/fr\/wp-json\/wp\/v2\/media\/370751"}],"wp:attachment":[{"href":"https:\/\/www.europesays.com\/fr\/wp-json\/wp\/v2\/media?parent=370750"}],"wp:term":[{"taxonomy":"category","embeddable":true,"href":"https:\/\/www.europesays.com\/fr\/wp-json\/wp\/v2\/categories?post=370750"},{"taxonomy":"post_tag","embeddable":true,"href":"https:\/\/www.europesays.com\/fr\/wp-json\/wp\/v2\/tags?post=370750"}],"curies":[{"name":"wp","href":"https:\/\/api.w.org\/{rel}","templated":true}]}}