{"id":370766,"date":"2025-09-06T14:03:10","date_gmt":"2025-09-06T14:03:10","guid":{"rendered":"https:\/\/www.europesays.com\/fr\/370766\/"},"modified":"2025-09-06T14:03:10","modified_gmt":"2025-09-06T14:03:10","slug":"top-14-gros-coup-dur-pour-lusap-posolo-tuilagi-declare-forfait-pour-usap-bayonne","status":"publish","type":"post","link":"https:\/\/www.europesays.com\/fr\/370766\/","title":{"rendered":"Top 14 &#8211; Gros coup dur pour l\u2019USAP : Posolo Tuilagi d\u00e9clare forfait pour USAP-Bayonne"},"content":{"rendered":"<p>\n                                                                Posolo Tuilagi est forfait pour USAP-Bayonne.\n                            <\/p>\n<p>Gros coup dur pour l&rsquo;USAP. Le deuxi\u00e8me ligne Posolo Tuilagi est contraint de d\u00e9clarer forfait pour l&rsquo;ouverture du Top 14 contre Bayonne (ce samedi \u00e0 15 h).<\/p>\n<p>Le num\u00e9ro 5 s&rsquo;est bless\u00e9 lors de la mise en place ce vendredi \u00e0 Aim\u00e9-Giral, il est touch\u00e9 \u00e0 la jambe droite. Apr\u00e8s d&rsquo;ultimes tests ce samedi matin, la d\u00e9cision a \u00e9t\u00e9 prise de ne pas l&rsquo;aligner sur le terrain.<\/p>\n<p>Le Fidjien Peceli Yato devrait d\u00e9marrer en deuxi\u00e8me ligne aux c\u00f4t\u00e9s d&rsquo;Adrien Warion, quand Mathieu Tanguy devrait entrer sur le banc.<\/p>\n<p>Il n&rsquo;y aura donc toujours pas de face-\u00e0-face contre son oncle Manu Tuilagi.<\/p>\n","protected":false},"excerpt":{"rendered":"Posolo Tuilagi est forfait pour USAP-Bayonne. Gros coup dur pour l&rsquo;USAP. Le deuxi\u00e8me ligne Posolo Tuilagi est contraint&hellip;\n","protected":false},"author":2,"featured_media":370767,"comment_status":"","ping_status":"","sticky":false,"template":"","format":"standard","meta":{"footnotes":""},"categories":[2],"tags":[11,1011,27,12],"class_list":{"0":"post-370766","1":"post","2":"type-post","3":"status-publish","4":"format-standard","5":"has-post-thumbnail","7":"category-actualites","8":"tag-actualites","9":"tag-fr","10":"tag-france","11":"tag-news"},"share_on_mastodon":{"url":"https:\/\/pubeurope.com\/@fr\/115157729600404350","error":""},"_links":{"self":[{"href":"https:\/\/www.europesays.com\/fr\/wp-json\/wp\/v2\/posts\/370766","targetHints":{"allow":["GET"]}}],"collection":[{"href":"https:\/\/www.europesays.com\/fr\/wp-json\/wp\/v2\/posts"}],"about":[{"href":"https:\/\/www.europesays.com\/fr\/wp-json\/wp\/v2\/types\/post"}],"author":[{"embeddable":true,"href":"https:\/\/www.europesays.com\/fr\/wp-json\/wp\/v2\/users\/2"}],"replies":[{"embeddable":true,"href":"https:\/\/www.europesays.com\/fr\/wp-json\/wp\/v2\/comments?post=370766"}],"version-history":[{"count":0,"href":"https:\/\/www.europesays.com\/fr\/wp-json\/wp\/v2\/posts\/370766\/revisions"}],"wp:featuredmedia":[{"embeddable":true,"href":"https:\/\/www.europesays.com\/fr\/wp-json\/wp\/v2\/media\/370767"}],"wp:attachment":[{"href":"https:\/\/www.europesays.com\/fr\/wp-json\/wp\/v2\/media?parent=370766"}],"wp:term":[{"taxonomy":"category","embeddable":true,"href":"https:\/\/www.europesays.com\/fr\/wp-json\/wp\/v2\/categories?post=370766"},{"taxonomy":"post_tag","embeddable":true,"href":"https:\/\/www.europesays.com\/fr\/wp-json\/wp\/v2\/tags?post=370766"}],"curies":[{"name":"wp","href":"https:\/\/api.w.org\/{rel}","templated":true}]}}