{"id":370768,"date":"2025-09-06T14:04:11","date_gmt":"2025-09-06T14:04:11","guid":{"rendered":"https:\/\/www.europesays.com\/fr\/370768\/"},"modified":"2025-09-06T14:04:11","modified_gmt":"2025-09-06T14:04:11","slug":"saint-etienne-4-policiers-blesses-par-un-chauffard","status":"publish","type":"post","link":"https:\/\/www.europesays.com\/fr\/370768\/","title":{"rendered":"Saint-\u00c9tienne : 4 policiers bless\u00e9s par un chauffard"},"content":{"rendered":"<p>Dans la nuit du jeudi 4 au vendredi 5 septembre, une violente collision a eu lieu boulevard Jules Janin \u00e0 Saint-\u00c9tienne. Un conducteur en \u00e9tat d\u2019\u00e9bri\u00e9t\u00e9 a percut\u00e9 un v\u00e9hicule de police, blessant 4 fonctionnaires. <\/p>\n<p>Il \u00e9tait environ 3h30 du matin lorsque l\u2019accident s\u2019est produit, ce vendredi 6 septembre, sur le boulevard Jules Janin, \u00e0 Saint-\u00c9tienne. Une patrouille de police, en mission de surveillance nocturne, a \u00e9t\u00e9 percut\u00e9e par un automobiliste circulant \u00e0 vive allure. \u00c0 l\u2019arriv\u00e9e des secours, le test d\u2019alcool\u00e9mie pratiqu\u00e9 sur le conducteur s\u2019est av\u00e9r\u00e9 positif.<\/p>\n<p>Les 4 policiers \u00e0 bord ont \u00e9t\u00e9 l\u00e9g\u00e8rement bless\u00e9s dans la collision, tout comme le conducteur du v\u00e9hicule en cause. Ils ont tous \u00e9t\u00e9 pris en charge par les secours pour des examens m\u00e9dicaux. Une enqu\u00eate a \u00e9t\u00e9 ouverte.<\/p>\n<p>ZF<\/p>\n<blockquote class=\"twitter-tweet\" data-media-max-width=\"560\"><p>&#13;<\/p>\n<p dir=\"ltr\" lang=\"fr\">\ud83d\udea8<a href=\"https:\/\/twitter.com\/hashtag\/SaintEtienne?src=hash&amp;ref_src=twsrc%5Etfw\" rel=\"nofollow noopener\" target=\"_blank\">#SaintEtienne<\/a>\ud83d\udea8<\/p>\n<p>4 policiers bless\u00e9s cette nuit par un conducteur ivre et sans feux.<\/p>\n<p>En mission pour une possible s\u00e9questration, ils ont pay\u00e9 le prix de ces assassins de la route en puissance !<\/p>\n<p>Soutien total et prompt r\u00e9tablissement \ud83d\udc99 <a href=\"https:\/\/twitter.com\/hashtag\/SoutienFDO?src=hash&amp;ref_src=twsrc%5Etfw\" rel=\"nofollow noopener\" target=\"_blank\">#SoutienFDO<\/a> <a href=\"https:\/\/t.co\/M0eN27NDfb\" rel=\"nofollow\">pic.twitter.com\/M0eN27NDfb<\/a><\/p>\n<p>&#13;<br \/>\n\u2014 ALLIANCE PN (@alliancepolice) <a href=\"https:\/\/twitter.com\/alliancepolice\/status\/1963874514355225023?ref_src=twsrc%5Etfw\" rel=\"nofollow noopener\" target=\"_blank\">September 5, 2025<\/a><\/p><\/blockquote>\n<p><script async src=\"https:\/\/platform.twitter.com\/widgets.js\" charset=\"utf-8\"><\/script><\/p>\n","protected":false},"excerpt":{"rendered":"Dans la nuit du jeudi 4 au vendredi 5 septembre, une violente collision a eu lieu boulevard Jules&hellip;\n","protected":false},"author":2,"featured_media":370769,"comment_status":"","ping_status":"","sticky":false,"template":"","format":"standard","meta":{"footnotes":""},"categories":[9653],"tags":[1111,11,2430,1777,674,1011,27,12,25,4001],"class_list":{"0":"post-370768","1":"post","2":"type-post","3":"status-publish","4":"format-standard","5":"has-post-thumbnail","7":"category-saint-etienne","8":"tag-actu","9":"tag-actualites","10":"tag-auvergne-rhone-alpes","11":"tag-eu","12":"tag-europe","13":"tag-fr","14":"tag-france","15":"tag-news","16":"tag-republique-francaise","17":"tag-saint-etienne"},"share_on_mastodon":{"url":"https:\/\/pubeurope.com\/@fr\/115157733442049697","error":""},"_links":{"self":[{"href":"https:\/\/www.europesays.com\/fr\/wp-json\/wp\/v2\/posts\/370768","targetHints":{"allow":["GET"]}}],"collection":[{"href":"https:\/\/www.europesays.com\/fr\/wp-json\/wp\/v2\/posts"}],"about":[{"href":"https:\/\/www.europesays.com\/fr\/wp-json\/wp\/v2\/types\/post"}],"author":[{"embeddable":true,"href":"https:\/\/www.europesays.com\/fr\/wp-json\/wp\/v2\/users\/2"}],"replies":[{"embeddable":true,"href":"https:\/\/www.europesays.com\/fr\/wp-json\/wp\/v2\/comments?post=370768"}],"version-history":[{"count":0,"href":"https:\/\/www.europesays.com\/fr\/wp-json\/wp\/v2\/posts\/370768\/revisions"}],"wp:featuredmedia":[{"embeddable":true,"href":"https:\/\/www.europesays.com\/fr\/wp-json\/wp\/v2\/media\/370769"}],"wp:attachment":[{"href":"https:\/\/www.europesays.com\/fr\/wp-json\/wp\/v2\/media?parent=370768"}],"wp:term":[{"taxonomy":"category","embeddable":true,"href":"https:\/\/www.europesays.com\/fr\/wp-json\/wp\/v2\/categories?post=370768"},{"taxonomy":"post_tag","embeddable":true,"href":"https:\/\/www.europesays.com\/fr\/wp-json\/wp\/v2\/tags?post=370768"}],"curies":[{"name":"wp","href":"https:\/\/api.w.org\/{rel}","templated":true}]}}