{"id":370773,"date":"2025-09-06T14:09:16","date_gmt":"2025-09-06T14:09:16","guid":{"rendered":"https:\/\/www.europesays.com\/fr\/370773\/"},"modified":"2025-09-06T14:09:16","modified_gmt":"2025-09-06T14:09:16","slug":"apres-linterdiction-de-baignade-plusieurs-plages-reouvrent-a-six-fours-ce-vendredi","status":"publish","type":"post","link":"https:\/\/www.europesays.com\/fr\/370773\/","title":{"rendered":"Apr\u00e8s l\u2019interdiction de baignade, plusieurs plages r\u00e9ouvrent \u00e0 Six-Fours ce vendredi"},"content":{"rendered":"<p>Suite \u00e0 de nouvelles analyses de la qualit\u00e9 de l&rsquo;eau, la baignade est de nouveau autoris\u00e9e depuis ce vendredi matin sur les plages de la Coudouli\u00e8re, du Rayolet, des Roches Brunes, de Bonnegrace centre et Kennedy. En revanche, sur celles de Bonnegr\u00e2ce ouest-Les L\u00f4nes, du Cros et des Charmettes la baignade reste interdite \u00ab\u00a0jusqu\u2019\u00e0 nouvel ordre\u00a0\u00bb, indique la municipalit\u00e9. Et ce, dans l\u2019attente du r\u00e9sultat de nouvelles analyses qui devraient \u00eatre connus dimanche soir.<\/p>\n<p>Un texte que \u00ab\u00a0personne n\u2019a vu\u00a0\u00bb <\/p>\n<p>Cette fermeture des plages durant plusieurs jours a amen\u00e9 une r\u00e9action des \u00e9lus du groupe Rassemblement National de Six-Fours, qui disent avoir \u00e9t\u00e9 \u00ab\u00a0inform\u00e9s de l\u2019affichage en catimini, le 3 septembre, d\u2019un arr\u00eat\u00e9 municipal dat\u00e9 du 1 septembre interdisant la baignade et la pratique d\u2019activit\u00e9s nautiques \u00ab\u00a0. Un texte que \u00ab\u00a0personne n\u2019a vu\u00a0\u00bb puisqu\u2019il s\u2019agissait d\u2019\u00a0\u00bbune simple feuille volante affich\u00e9e sur le poste de secours des Roches Brunes et sur une barri\u00e8re de la plage de la Coudouli\u00e8re\u00a0\u00bb, ajoutent-ils.<\/p>\n<p>\u00ab\u00a0De m\u00eame, poursuivent les \u00e9lus RN, aucune analyse des eaux de baignade n\u2019\u00e9tait affich\u00e9e sur ces postes de secours\u00a0\u00bb et \u00ab\u00a0l\u2019absence de surveillants de baignade n\u2019a pas permis la mise en place du drapeau rouge informant la population de cette interdiction\u00a0\u00bb. A cet \u00e9gard, la Ville pr\u00e9cise que \u00ab\u00a0la r\u00e9glementation interdit de hisser un drapeau \u2013 quelle que soit sa couleur \u2013 sur les plages qui ne sont pas surveill\u00e9es. Or depuis d\u00e9but septembre, la plupart des postes de secours sont ferm\u00e9s, \u00e0 l\u2019exception de ceux situ\u00e9s sur les plages de Bonnegr\u00e2ce, Le Cros et Les Charmettes\u00a0\u00bb. <\/p>\n","protected":false},"excerpt":{"rendered":"Suite \u00e0 de nouvelles analyses de la qualit\u00e9 de l&rsquo;eau, la baignade est de nouveau autoris\u00e9e depuis ce&hellip;\n","protected":false},"author":2,"featured_media":370774,"comment_status":"","ping_status":"","sticky":false,"template":"","format":"standard","meta":{"footnotes":""},"categories":[9619],"tags":[1111,11,1777,674,1011,27,12,882,25,2310,3366],"class_list":{"0":"post-370773","1":"post","2":"type-post","3":"status-publish","4":"format-standard","5":"has-post-thumbnail","7":"category-toulon","8":"tag-actu","9":"tag-actualites","10":"tag-eu","11":"tag-europe","12":"tag-fr","13":"tag-france","14":"tag-news","15":"tag-provence-alpes-cote-dazur","16":"tag-republique-francaise","17":"tag-toulon","18":"tag-vie-locale"},"share_on_mastodon":{"url":"https:\/\/pubeurope.com\/@fr\/115157753093948194","error":""},"_links":{"self":[{"href":"https:\/\/www.europesays.com\/fr\/wp-json\/wp\/v2\/posts\/370773","targetHints":{"allow":["GET"]}}],"collection":[{"href":"https:\/\/www.europesays.com\/fr\/wp-json\/wp\/v2\/posts"}],"about":[{"href":"https:\/\/www.europesays.com\/fr\/wp-json\/wp\/v2\/types\/post"}],"author":[{"embeddable":true,"href":"https:\/\/www.europesays.com\/fr\/wp-json\/wp\/v2\/users\/2"}],"replies":[{"embeddable":true,"href":"https:\/\/www.europesays.com\/fr\/wp-json\/wp\/v2\/comments?post=370773"}],"version-history":[{"count":0,"href":"https:\/\/www.europesays.com\/fr\/wp-json\/wp\/v2\/posts\/370773\/revisions"}],"wp:featuredmedia":[{"embeddable":true,"href":"https:\/\/www.europesays.com\/fr\/wp-json\/wp\/v2\/media\/370774"}],"wp:attachment":[{"href":"https:\/\/www.europesays.com\/fr\/wp-json\/wp\/v2\/media?parent=370773"}],"wp:term":[{"taxonomy":"category","embeddable":true,"href":"https:\/\/www.europesays.com\/fr\/wp-json\/wp\/v2\/categories?post=370773"},{"taxonomy":"post_tag","embeddable":true,"href":"https:\/\/www.europesays.com\/fr\/wp-json\/wp\/v2\/tags?post=370773"}],"curies":[{"name":"wp","href":"https:\/\/api.w.org\/{rel}","templated":true}]}}