{"id":370775,"date":"2025-09-06T14:10:13","date_gmt":"2025-09-06T14:10:13","guid":{"rendered":"https:\/\/www.europesays.com\/fr\/370775\/"},"modified":"2025-09-06T14:10:13","modified_gmt":"2025-09-06T14:10:13","slug":"toulon-le-port-des-createurs-les-ailes-du-desir-du-13-septembre-au-21-septembre","status":"publish","type":"post","link":"https:\/\/www.europesays.com\/fr\/370775\/","title":{"rendered":"TOULON : Le Port des Cr\u00e9ateurs &#8211; Les Ailes du D\u00e9sir, du 13 septembre au 21 septembre"},"content":{"rendered":"<p style=\"text-align: left;\"><strong>\u00c0 l\u2019occasion du 50\u00e8me anniversaire du Conservatoire du littoral, le Port des Cr\u00e9ateurs a le plaisir de pr\u00e9senter une exposition collective r\u00e9unissant plus d\u2019une quinzaine d\u2019artistes contemporains.<\/strong><\/p>\n<p style=\"text-align: left;\">Con\u00e7ue en dialogue avec des artistes portant un regard sur le territoire, cette exposition rend un hommage sensible \u00e0 ce lieu embl\u00e9matique du paysage hy\u00e9rois. Elle met en lumi\u00e8re la diversit\u00e9 des regards port\u00e9s sur le littoral, ses paysages, ses usages, sa m\u00e9moire et sa pr\u00e9servation.<\/p>\n<p style=\"text-align: left;\"><img fetchpriority=\"high\" decoding=\"async\" class=\"alignnone  wp-image-862730\" src=\"https:\/\/www.europesays.com\/fr\/wp-content\/uploads\/2025\/09\/22-41-2160x2700.jpg\" alt=\"\" width=\"953\" height=\"1191\"  \/><\/p>\n<p style=\"text-align: left;\">Entre \u0153uvres in situ, installations plastiques et peintures, vous \u00eates invit\u00e9s \u00e0 d\u00e9couvrir un regard singulier sur la cr\u00e9ation contemporaine, dans un lieu unique : le Hangar de la Mouture des Salins d\u2019Hy\u00e8res \u2013 Toulon Provence M\u00e9diterran\u00e9e.<\/p>\n<p style=\"text-align: left;\"><strong>Les Ailes du D\u00e9sir<\/strong><\/p>\n<p style=\"text-align: left;\"><strong>Exposition Collective<\/strong><\/p>\n<p style=\"text-align: left;\">Vernissage le samedi 13 septembre 2025, de 10h \u00e0 18h au Salin des Pesquiers \u00e0 Hy\u00e8res.<\/p>\n<p style=\"text-align: left;\">Exposition visible du 13 au 21 septembre 2025, de 10h \u00e0 18h.<\/p>\n","protected":false},"excerpt":{"rendered":"\u00c0 l\u2019occasion du 50\u00e8me anniversaire du Conservatoire du littoral, le Port des Cr\u00e9ateurs a le plaisir de pr\u00e9senter&hellip;\n","protected":false},"author":2,"featured_media":370776,"comment_status":"","ping_status":"","sticky":false,"template":"","format":"standard","meta":{"footnotes":""},"categories":[9619],"tags":[1111,11,1777,674,1011,27,12,882,25,2310],"class_list":{"0":"post-370775","1":"post","2":"type-post","3":"status-publish","4":"format-standard","5":"has-post-thumbnail","7":"category-toulon","8":"tag-actu","9":"tag-actualites","10":"tag-eu","11":"tag-europe","12":"tag-fr","13":"tag-france","14":"tag-news","15":"tag-provence-alpes-cote-dazur","16":"tag-republique-francaise","17":"tag-toulon"},"share_on_mastodon":{"url":"https:\/\/pubeurope.com\/@fr\/115157757102701347","error":""},"_links":{"self":[{"href":"https:\/\/www.europesays.com\/fr\/wp-json\/wp\/v2\/posts\/370775","targetHints":{"allow":["GET"]}}],"collection":[{"href":"https:\/\/www.europesays.com\/fr\/wp-json\/wp\/v2\/posts"}],"about":[{"href":"https:\/\/www.europesays.com\/fr\/wp-json\/wp\/v2\/types\/post"}],"author":[{"embeddable":true,"href":"https:\/\/www.europesays.com\/fr\/wp-json\/wp\/v2\/users\/2"}],"replies":[{"embeddable":true,"href":"https:\/\/www.europesays.com\/fr\/wp-json\/wp\/v2\/comments?post=370775"}],"version-history":[{"count":0,"href":"https:\/\/www.europesays.com\/fr\/wp-json\/wp\/v2\/posts\/370775\/revisions"}],"wp:featuredmedia":[{"embeddable":true,"href":"https:\/\/www.europesays.com\/fr\/wp-json\/wp\/v2\/media\/370776"}],"wp:attachment":[{"href":"https:\/\/www.europesays.com\/fr\/wp-json\/wp\/v2\/media?parent=370775"}],"wp:term":[{"taxonomy":"category","embeddable":true,"href":"https:\/\/www.europesays.com\/fr\/wp-json\/wp\/v2\/categories?post=370775"},{"taxonomy":"post_tag","embeddable":true,"href":"https:\/\/www.europesays.com\/fr\/wp-json\/wp\/v2\/tags?post=370775"}],"curies":[{"name":"wp","href":"https:\/\/api.w.org\/{rel}","templated":true}]}}