{"id":370777,"date":"2025-09-06T14:11:10","date_gmt":"2025-09-06T14:11:10","guid":{"rendered":"https:\/\/www.europesays.com\/fr\/370777\/"},"modified":"2025-09-06T14:11:10","modified_gmt":"2025-09-06T14:11:10","slug":"cinema-sous-les-etoiles-un-succes-confirme-pour-la-21e-edition-itinerante-dans-la-metropole-de-montpellier","status":"publish","type":"post","link":"https:\/\/www.europesays.com\/fr\/370777\/","title":{"rendered":"Cin\u00e9ma sous les \u00e9toiles : un succ\u00e8s confirm\u00e9 pour la 21e \u00e9dition itin\u00e9rante dans la m\u00e9tropole de Montpellier"},"content":{"rendered":"<p>Parmi les temps forts : la soir\u00e9e \u00e0 la piscine Jean Viv\u00e8s de Montpellier, avec la projection du film culte Le Petit Baigneur, a une nouvelle fois s\u00e9duit par sa formule originale. \u00c0 Jacou, une soir\u00e9e d\u00e9di\u00e9e pour la premi\u00e8re fois au court m\u00e9trage a mis \u00e0 l\u2019honneur la jeune cr\u00e9ation locale, notamment Il venait de Roumanie de Jean-Baptiste Durand et Vodka Fanta d\u2019Elisabeth Silveiro, qui a \u00e9chang\u00e9 avec le public.<\/p>\n","protected":false},"excerpt":{"rendered":"Parmi les temps forts : la soir\u00e9e \u00e0 la piscine Jean Viv\u00e8s de Montpellier, avec la projection du&hellip;\n","protected":false},"author":2,"featured_media":370778,"comment_status":"","ping_status":"","sticky":false,"template":"","format":"standard","meta":{"footnotes":""},"categories":[9599],"tags":[1111,11,1777,674,1011,27,2208,12,2680,25],"class_list":{"0":"post-370777","1":"post","2":"type-post","3":"status-publish","4":"format-standard","5":"has-post-thumbnail","7":"category-montpellier","8":"tag-actu","9":"tag-actualites","10":"tag-eu","11":"tag-europe","12":"tag-fr","13":"tag-france","14":"tag-montpellier","15":"tag-news","16":"tag-occitanie","17":"tag-republique-francaise"},"share_on_mastodon":{"url":"https:\/\/pubeurope.com\/@fr\/115157761026450144","error":""},"_links":{"self":[{"href":"https:\/\/www.europesays.com\/fr\/wp-json\/wp\/v2\/posts\/370777","targetHints":{"allow":["GET"]}}],"collection":[{"href":"https:\/\/www.europesays.com\/fr\/wp-json\/wp\/v2\/posts"}],"about":[{"href":"https:\/\/www.europesays.com\/fr\/wp-json\/wp\/v2\/types\/post"}],"author":[{"embeddable":true,"href":"https:\/\/www.europesays.com\/fr\/wp-json\/wp\/v2\/users\/2"}],"replies":[{"embeddable":true,"href":"https:\/\/www.europesays.com\/fr\/wp-json\/wp\/v2\/comments?post=370777"}],"version-history":[{"count":0,"href":"https:\/\/www.europesays.com\/fr\/wp-json\/wp\/v2\/posts\/370777\/revisions"}],"wp:featuredmedia":[{"embeddable":true,"href":"https:\/\/www.europesays.com\/fr\/wp-json\/wp\/v2\/media\/370778"}],"wp:attachment":[{"href":"https:\/\/www.europesays.com\/fr\/wp-json\/wp\/v2\/media?parent=370777"}],"wp:term":[{"taxonomy":"category","embeddable":true,"href":"https:\/\/www.europesays.com\/fr\/wp-json\/wp\/v2\/categories?post=370777"},{"taxonomy":"post_tag","embeddable":true,"href":"https:\/\/www.europesays.com\/fr\/wp-json\/wp\/v2\/tags?post=370777"}],"curies":[{"name":"wp","href":"https:\/\/api.w.org\/{rel}","templated":true}]}}