{"id":370781,"date":"2025-09-06T14:17:14","date_gmt":"2025-09-06T14:17:14","guid":{"rendered":"https:\/\/www.europesays.com\/fr\/370781\/"},"modified":"2025-09-06T14:17:14","modified_gmt":"2025-09-06T14:17:14","slug":"croix-arrachees-statues-danges-brisees-un-cimetiere-vandalise-pres-de-grenoble","status":"publish","type":"post","link":"https:\/\/www.europesays.com\/fr\/370781\/","title":{"rendered":"croix arrach\u00e9es, statues d\u2019anges bris\u00e9es&#8230; Un cimeti\u00e8re vandalis\u00e9 pr\u00e8s de Grenoble"},"content":{"rendered":"<p class=\"article__intro\">Dans la nuit du 5 au 6 septembre, le cimeti\u00e8re de Froges (Is\u00e8re) a \u00e9t\u00e9 vandalis\u00e9. Les ornements religieux d\u2019une cinquantaine de tombes ont \u00e9t\u00e9 d\u00e9t\u00e9rior\u00e9s. Une personne a \u00e9t\u00e9 prise sur le fait et arr\u00eat\u00e9e par cinq jeunes de la commune.<\/p>\n<p>\n      La Quotidienne Soci\u00e9t\u00e9\n    <\/p>\n<p>\n      De la vie quotidienne aux grands enjeux, recevez tous les jours les sujets qui font la soci\u00e9t\u00e9 locale, comme la justice, l\u2019\u00e9ducation, la sant\u00e9 et la famille.\n    <\/p>\n<p>    France T\u00e9l\u00e9visions utilise votre adresse e-mail afin de vous envoyer la newsletter \u00ab\u00a0La Quotidienne Soci\u00e9t\u00e9\u00a0\u00bb. Vous pouvez vous d\u00e9sinscrire \u00e0 tout moment via le lien en bas de cette newsletter. <a target=\"_blank\" href=\"https:\/\/www.francetelevisions.fr\/groupe\/confidentialite\/politique-de-confidentialite\/politique-de-confidentialite-de-france-televisions-6503\" rel=\"nofollow noopener\">Notre politique de confidentialit\u00e9<\/a><\/p>\n<p>Une violente temp\u00eate semble avoir souffl\u00e9 sur le cimeti\u00e8re de Froges. Ce samedi, des croix en marbre cass\u00e9es, des \u00e9clats d\u2019angelots en c\u00e9ramique et des pots de fleurs renvers\u00e9s gisent au pied d&rsquo;une cinquantaine de tombes.<\/p>\n<\/p>\n<p>Mais ces d\u00e9gradations ne sont pas le fait de la m\u00e9t\u00e9o. Dans la nuit du 5 au 6 septembre, un individu s\u2019est introduit dans le cimeti\u00e8re et a vandalis\u00e9 de nombreux ornements dispos\u00e9s sur les s\u00e9pultures.<\/p>\n<p><a data-article-figure=\"\" href=\"https:\/\/france3-regions.franceinfo.fr\/image\/eLIVGak-074k6kDkk-iuuVtF7hE\/1600x1200\/regions\/2025\/09\/06\/whatsapp-image-2025-09-06-at-15-46-13-68bc3bb486032694193645.jpg\" data-pswp-width=\"1600\" data-pswp-height=\"1200\" target=\"_blank\" rel=\"nofollow noopener\"><\/p>\n<p>          <img width=\"600\" height=\"400\" class=\"article-image lazy\" data-src=\"https:\/\/www.europesays.com\/fr\/wp-content\/uploads\/2025\/09\/whatsapp-image-2025-09-06-at-15-46-13-68bc3bb486032694193645.jpg\" alt=\"Une cinquantaine de tombes ont \u00e9t\u00e9 vandalis\u00e9es dans le cimeti\u00e8re de Froges (Is\u00e8re) dans la nuit du vendredi 5 au samedi 6 septembre.\" fetchpriority=\"high\" as=\"image\"\/><\/p>\n<p>\n            Une cinquantaine de tombes ont \u00e9t\u00e9 vandalis\u00e9es dans le cimeti\u00e8re de Froges (Is\u00e8re) dans la nuit du vendredi 5 au samedi 6 septembre.<br \/>\n                           \u2022<br \/>\n                                      \u00a9 Jordan Gu\u00e9ant \/ France 3 Alpes\n                      <\/p>\n<p><\/a><\/p>\n<p>\u00ab\u00a0Il a vis\u00e9 un grand nombre de croix, qu\u2019il a m\u00eame descell\u00e9es lorsqu\u2019elles \u00e9taient fix\u00e9es sur des tombes. C\u2019\u00e9tait un acte contre les croix et les anges, contre les symboles religieux. C\u2019est la conclusion qu\u2019on en a tir\u00e9e avec la gendarmerie\u00a0\u00bb, d\u00e9taille Olivier Salvetti, le maire de la commune.<\/p>\n<p>\u00c0 la suite de ces d\u00e9gradations, un individu a \u00e9t\u00e9 arr\u00eat\u00e9 par les forces de l\u2019ordre. Ce dernier a \u00e9t\u00e9 surpris en flagrant d\u00e9lit puis interpell\u00e9 par un groupe de cinq jeunes Frogiens, dont un r\u00e9serviste.<\/p>\n<p>\u00ab\u00a0Ils rentraient d\u2019un match de rugby sur Grenoble, et en arrivant pr\u00e8s du cimeti\u00e8re ils ont entendu du bruit donc ils se sont arr\u00eat\u00e9s, raconte l\u2019\u00e9lu. Sans eux, \u00e7a aurait pu \u00eatre bien pire\u00a0\u00bb.<\/p>\n<p><a data-article-figure=\"\" href=\"https:\/\/france3-regions.franceinfo.fr\/image\/EgKgVoMFTjJppu1XA0B9r_YoR_Q\/768x576\/regions\/2025\/09\/06\/whatsapp-image-2025-09-06-at-15-41-07-68bc3d2a642ee717072997.jpg\" data-pswp-width=\"768\" data-pswp-height=\"576\" target=\"_blank\" rel=\"nofollow noopener\"><\/p>\n<p>          <img width=\"600\" height=\"400\" class=\"article-image lazy\" data-src=\"https:\/\/www.europesays.com\/fr\/wp-content\/uploads\/2025\/09\/whatsapp-image-2025-09-06-at-15-41-07-68bc3d2a642ee717072997.jpg\" alt=\"L'individu a \u00e9t\u00e9 pris en flagrant d\u00e9lit par un groupe de jeunes de la commune. \" fetchpriority=\"high\" as=\"image\"\/><\/p>\n<p>\n            L&rsquo;individu a \u00e9t\u00e9 pris en flagrant d\u00e9lit par un groupe de jeunes de la commune.<br \/>\n                           \u2022<br \/>\n                                      \u00a9 J. Gu\u00e9ant \/ F3 Alpes\n                      <\/p>\n<p><\/a><\/p>\n<p>Olivier Salvetti affirme qu\u2019aucune tombe n\u2019a \u00e9t\u00e9 profan\u00e9e, \u00ab\u00a0sans doute gr\u00e2ce \u00e0 l\u2019acte de bravoure\u00a0\u00bb dont ont fait preuve les jeunes de la commune.<\/p>\n<p>\u00ab\u00a0Il a attaqu\u00e9 des tombes de fa\u00e7on al\u00e9atoire, on ne conna\u00eet pas encore sa motivation. Quand j\u2019ai eu les gendarmes ce matin, au cours de sa garde \u00e0 vue, ils m\u2019ont dit qu\u2019il n\u2019avait pas parl\u00e9\u00a0\u00bb.<\/p>\n<p>L\u2019individu, dont on ignore l\u2019\u00e2ge et l\u2019identit\u00e9, serait \u00ab\u00a0un ancien Frogien\u00a0\u00bb ayant d\u00e9m\u00e9nag\u00e9 dans l\u2019agglom\u00e9ration grenobloise. D\u2019apr\u00e8s l\u2019\u00e9dile, il n\u2019\u00e9tait pas sous l\u2019emprise de stup\u00e9fiant ni d\u2019alcool au moment des faits.<\/p>\n<blockquote class=\"ftvi_content_quote\">\n<p class=\"ftvi_citation_quote\">Les gens sont solidaires, ils vont pr\u00e9venir leurs voisins dont les tombes ont \u00e9t\u00e9 touch\u00e9es, ils se rassurent et se r\u00e9confortent<\/p>\n<p>Olivier Salvetti, le maire de Froges<\/p>\n<\/blockquote>\n<p>\u00ab\u00a0Quand on voit que m\u00eame dans des communes apais\u00e9es comme la n\u00f4tre, on peut \u00eatre atteint par de telles incivilit\u00e9s, c\u2019est vraiment regrettable, se d\u00e9sole le maire. Mais malgr\u00e9 \u00e7a, je vois aussi que sur la commune, les gens sont solidaires, ils vont pr\u00e9venir leurs voisins dont les tombes ont \u00e9t\u00e9 touch\u00e9es, ils se rassurent et se r\u00e9confortent\u00a0\u00bb.<\/p>\n<\/p>\n<p>Dans une publication mise en ligne sur la page Facebook de la commune, le maire invite les personnes concern\u00e9es par les actes de vandalisme \u00e0 d\u00e9poser plainte aupr\u00e8s de la brigade de gendarmerie de Saint-Ismier.<\/p>\n","protected":false},"excerpt":{"rendered":"Dans la nuit du 5 au 6 septembre, le cimeti\u00e8re de Froges (Is\u00e8re) a \u00e9t\u00e9 vandalis\u00e9. Les ornements&hellip;\n","protected":false},"author":2,"featured_media":370782,"comment_status":"","ping_status":"","sticky":false,"template":"","format":"standard","meta":{"footnotes":""},"categories":[9566],"tags":[1111,11,2430,1777,674,1011,27,2731,12,25],"class_list":{"0":"post-370781","1":"post","2":"type-post","3":"status-publish","4":"format-standard","5":"has-post-thumbnail","7":"category-grenoble","8":"tag-actu","9":"tag-actualites","10":"tag-auvergne-rhone-alpes","11":"tag-eu","12":"tag-europe","13":"tag-fr","14":"tag-france","15":"tag-grenoble","16":"tag-news","17":"tag-republique-francaise"},"share_on_mastodon":{"url":"https:\/\/pubeurope.com\/@fr\/115157784578030974","error":""},"_links":{"self":[{"href":"https:\/\/www.europesays.com\/fr\/wp-json\/wp\/v2\/posts\/370781","targetHints":{"allow":["GET"]}}],"collection":[{"href":"https:\/\/www.europesays.com\/fr\/wp-json\/wp\/v2\/posts"}],"about":[{"href":"https:\/\/www.europesays.com\/fr\/wp-json\/wp\/v2\/types\/post"}],"author":[{"embeddable":true,"href":"https:\/\/www.europesays.com\/fr\/wp-json\/wp\/v2\/users\/2"}],"replies":[{"embeddable":true,"href":"https:\/\/www.europesays.com\/fr\/wp-json\/wp\/v2\/comments?post=370781"}],"version-history":[{"count":0,"href":"https:\/\/www.europesays.com\/fr\/wp-json\/wp\/v2\/posts\/370781\/revisions"}],"wp:featuredmedia":[{"embeddable":true,"href":"https:\/\/www.europesays.com\/fr\/wp-json\/wp\/v2\/media\/370782"}],"wp:attachment":[{"href":"https:\/\/www.europesays.com\/fr\/wp-json\/wp\/v2\/media?parent=370781"}],"wp:term":[{"taxonomy":"category","embeddable":true,"href":"https:\/\/www.europesays.com\/fr\/wp-json\/wp\/v2\/categories?post=370781"},{"taxonomy":"post_tag","embeddable":true,"href":"https:\/\/www.europesays.com\/fr\/wp-json\/wp\/v2\/tags?post=370781"}],"curies":[{"name":"wp","href":"https:\/\/api.w.org\/{rel}","templated":true}]}}