{"id":370783,"date":"2025-09-06T14:18:09","date_gmt":"2025-09-06T14:18:09","guid":{"rendered":"https:\/\/www.europesays.com\/fr\/370783\/"},"modified":"2025-09-06T14:18:09","modified_gmt":"2025-09-06T14:18:09","slug":"de-nouvelles-perturbations-vont-gagner-la-bretagne-voici-a-quoi-sattendre","status":"publish","type":"post","link":"https:\/\/www.europesays.com\/fr\/370783\/","title":{"rendered":"de nouvelles perturbations vont gagner la Bretagne, voici \u00e0 quoi s&rsquo;attendre"},"content":{"rendered":"<p>            Par<br \/>\n        <strong><br \/>\n            <a href=\"https:\/\/actu.fr\/auteur\/laurene-fertin\" title=\"Consulter tous les articles de Laur\u00e8ne Fertin\" target=\"_blank\" rel=\"noopener\">Laur\u00e8ne Fertin<\/a><br \/>\n        <\/strong><\/p>\n<p>        Publi\u00e9 le<\/p>\n<p>            6 sept. 2025 \u00e0 15h20        <\/p>\n<p>La Bretagne se r\u00e9jouit, ce samedi 6\u00a0septembre 2025, que <a href=\"https:\/\/actu.fr\/bretagne\/rennes_35238\/en-bretagne-la-plus-belle-journee-est-attendue-d-ici-les-prochains-jours-voici-quand-en-profiter_63114576.html\" target=\"_blank\" rel=\"noopener\">le <strong>soleil<\/strong> se fasse une large place dans le ciel<\/a> apr\u00e8s le temps maussade des jours pr\u00e9c\u00e9dents.<\/p>\n<p class=\" wall-content\">Cette jolie m\u00e9t\u00e9o ne va toutefois pas durer. D\u2019ici dimanche, et le d\u00e9but de semaine prochaine, le temps va \u00e0 nouveau se g\u00e2ter\u2009: <strong>temp\u00e9ratures fra\u00eeches<\/strong> et <strong>perturbations<\/strong> attendent en effet la r\u00e9gion.<\/p>\n<p>Baisse des temp\u00e9ratures<\/p>\n<p class=\" wall-content\">\u00ab\u2009La m\u00e9t\u00e9o sera <strong>bien mitig\u00e9e\u2009\u00bb,<\/strong> d\u00e9bute J\u00e9r\u00f4me Dr\u00e9ano, m\u00e9t\u00e9orologue \u00e0 <a href=\"https:\/\/www.meteo.bzh\/\" target=\"_blank\" rel=\"noopener\">M\u00e9t\u00e9o Bretagne<\/a>. \u00ab\u2009Une petite pouss\u00e9e anticyclonique est en route pour ce week-end.\u2009\u00bb<\/p>\n<p class=\" wall-content\">Les <strong>temp\u00e9ratures<\/strong> vont donc commencer \u00e0 descendre d\u00e8s demain, dimanche 7\u00a0septembre. Lundi 8\u00a0septembre, <strong>la baisse du mercure se poursuit<\/strong> puisque l\u2019on sera un peu <strong>en dessous des normales<\/strong> de saison. Il faudra compter <strong>entre 19 et 21\u00a0\u00b0C<\/strong> sur la moiti\u00e9 est de la Bretagne\u2009; <strong>le Finist\u00e8re<\/strong> restera le d\u00e9partement le plus frais de la Bretagne.<\/p>\n<p class=\" wall-content\">\u00ab\u2009Ces temp\u00e9ratures seront conserv\u00e9es jusqu\u2019\u00e0 la fin de semaine\u2009\u00bb, entre 18 et 21\u00b0C sont attendus. <strong>\u00ab\u2009Pas de chaleur en vue pour la semaine\u2009\u00bb<\/strong>, r\u00e9sume le m\u00e9t\u00e9orologue.<\/p>\n<p class=\" wall-content\"><strong>Des \u00e9claircies<\/strong> seront toutefois pr\u00e9sentes parmi <strong>les nuages. Des averses<\/strong> seront possibles dans la r\u00e9gion, mais l\u2019ouest de la Bretagne, l\u2019Ille-et-Vilaine et particuli\u00e8rement Rennes, en seront relativement \u00e9pargn\u00e9es.<\/p>\n<p>Votre r\u00e9gion, votre actu !<\/p>\n<p>Recevez chaque jour les infos qui comptent pour vous.<\/p>\n<p>\t<a href=\"https:\/\/actu.fr\/newsletter\" class=\"ac-btn ac-btn--corner ac-btn--medium ac-btn--blue800\" target=\"_blank\" rel=\"noopener\">S&rsquo;incrire<\/a><br \/>\nPlusieurs perturbations<\/p>\n<p class=\" wall-content\">La m\u00e9t\u00e9o sera caract\u00e9ris\u00e9e, ensuite, par un flux oc\u00e9anique perturb\u00e9, avec un syst\u00e8me d\u00e9pressionnaire sur les \u00celes Britanniques et un anticyclone un peu plus en retrait dans les A\u00e7ores. \u00ab\u2009La Bretagne se situera entre les deux\u2009: nous devrions subir <strong>plusieurs perturbations<\/strong> dans la semaine, dont <strong>une mardi soir<\/strong> et une autre, <strong>mercredi soir\u2009\u00bb,<\/strong> pr\u00e9cise J\u00e9r\u00f4me Dr\u00e9ano.<\/p>\n<p class=\" wall-content\"><strong>Mardi 9\u00a0septembre<\/strong>, dans l\u2019apr\u00e8s-midi, il commencera \u00e0 pleuvoir sur <strong>le Finist\u00e8re<\/strong> et dans la soir\u00e9e, sur l\u2019est de la Bretagne. Mercredi 10\u00a0septembre, la perturbation plus largement l\u2019est de la Bretagne.<\/p>\n<blockquote class=\"ac-article-quote wall-content\">\n<p>Les cumuls de pluie seront assez mod\u00e9r\u00e9s : de mardi \u00e0 mercredi, il y aura entre 2 et 5 mm de pluie. De mercredi \u00e0 jeudi : on pourrait avoir un peu plus entre 3 et 8 m ; localement, 10 ml.<\/p>\n<p>    <strong>J\u00e9r\u00f4me Dr\u00e9ano<\/strong><br \/>\n        M\u00e9t\u00e9orologue    <\/p><\/blockquote>\n<p class=\" wall-content\"><strong>Le vent,<\/strong> quant \u00e0 lui, sera d\u2019ouest principalement et de sud-est au passage du front. \u00ab\u2009Passag\u00e8rement plus sensible sans \u00eatre tr\u00e8s tr\u00e8s fort (sic), il sera donc <strong>mod\u00e9r\u00e9\u2009\u00bb,<\/strong> indique J\u00e9r\u00f4me Dr\u00e9ano.<\/p>\n<p>Un temps variable<\/p>\n<p class=\" wall-content\">Jeudi et vendredi,<strong> le temps sera tr\u00e8s variable<\/strong> \u2013 \u00e9claircies, passages nuageux et quelques averses.<\/p>\n<p class=\" wall-content\">Si les mod\u00e8les m\u00e9t\u00e9orologiques sont encore incertains pour le moment, il semblerait qu\u2019une perturbation un peu plus \u00ab\u2009costaude\u2009\u00bb soit attendue pour le week-end prochain.<\/p>\n<p class=\" wall-content\">Personnalisez votre actualit\u00e9 en ajoutant vos villes et m\u00e9dias en favori avec <a href=\"https:\/\/moncompte.actu.fr\" title=\"D\u00e9couvez Mon Actu\" rel=\"nofollow noopener\" data-trk=\"{&quot;cta&quot;:{&quot;action&quot;:&quot;https:\\\/\\\/moncompte.actu.fr&quot;,&quot;category&quot;:&quot;mon compte&quot;,&quot;from&quot;:&quot;article footer&quot;,&quot;name&quot;:&quot;Mon actu&quot;,&quot;type&quot;:&quot;cta&quot;}}\" target=\"_blank\">Mon Actu<\/a>.<\/p>\n","protected":false},"excerpt":{"rendered":"Par Laur\u00e8ne Fertin Publi\u00e9 le 6 sept. 2025 \u00e0 15h20 La Bretagne se r\u00e9jouit, ce samedi 6\u00a0septembre 2025,&hellip;\n","protected":false},"author":2,"featured_media":370784,"comment_status":"","ping_status":"","sticky":false,"template":"","format":"standard","meta":{"footnotes":""},"categories":[2821],"tags":[1111,11,829,1777,674,1011,27,2487,12,4459,584,25],"class_list":{"0":"post-370783","1":"post","2":"type-post","3":"status-publish","4":"format-standard","5":"has-post-thumbnail","7":"category-rennes","8":"tag-actu","9":"tag-actualites","10":"tag-bretagne","11":"tag-eu","12":"tag-europe","13":"tag-fr","14":"tag-france","15":"tag-meteo","16":"tag-news","17":"tag-pluie","18":"tag-rennes","19":"tag-republique-francaise"},"share_on_mastodon":{"url":"https:\/\/pubeurope.com\/@fr\/115157788533851331","error":""},"_links":{"self":[{"href":"https:\/\/www.europesays.com\/fr\/wp-json\/wp\/v2\/posts\/370783","targetHints":{"allow":["GET"]}}],"collection":[{"href":"https:\/\/www.europesays.com\/fr\/wp-json\/wp\/v2\/posts"}],"about":[{"href":"https:\/\/www.europesays.com\/fr\/wp-json\/wp\/v2\/types\/post"}],"author":[{"embeddable":true,"href":"https:\/\/www.europesays.com\/fr\/wp-json\/wp\/v2\/users\/2"}],"replies":[{"embeddable":true,"href":"https:\/\/www.europesays.com\/fr\/wp-json\/wp\/v2\/comments?post=370783"}],"version-history":[{"count":0,"href":"https:\/\/www.europesays.com\/fr\/wp-json\/wp\/v2\/posts\/370783\/revisions"}],"wp:featuredmedia":[{"embeddable":true,"href":"https:\/\/www.europesays.com\/fr\/wp-json\/wp\/v2\/media\/370784"}],"wp:attachment":[{"href":"https:\/\/www.europesays.com\/fr\/wp-json\/wp\/v2\/media?parent=370783"}],"wp:term":[{"taxonomy":"category","embeddable":true,"href":"https:\/\/www.europesays.com\/fr\/wp-json\/wp\/v2\/categories?post=370783"},{"taxonomy":"post_tag","embeddable":true,"href":"https:\/\/www.europesays.com\/fr\/wp-json\/wp\/v2\/tags?post=370783"}],"curies":[{"name":"wp","href":"https:\/\/api.w.org\/{rel}","templated":true}]}}