{"id":370789,"date":"2025-09-06T14:21:13","date_gmt":"2025-09-06T14:21:13","guid":{"rendered":"https:\/\/www.europesays.com\/fr\/370789\/"},"modified":"2025-09-06T14:21:13","modified_gmt":"2025-09-06T14:21:13","slug":"strasbourg-pour-lutter-contre-le-harcelement-de-rue-la-ville-met-en-place-des-lieux-refuges","status":"publish","type":"post","link":"https:\/\/www.europesays.com\/fr\/370789\/","title":{"rendered":"Strasbourg\u00a0: pour lutter contre le harc\u00e8lement de rue, la ville met en place des \u00ab\u00a0lieux refuges\u00a0\u00bb"},"content":{"rendered":"<p class=\"paragraph text_align_left lp-f-body-02\">Mus\u00e9es, toilettes publiques, mairies de quartiers\u2026 la Ville de Strasbourg (<a href=\"https:\/\/www.leparisien.fr\/bas-rhin-67\/\" target=\"_blank\" rel=\"noreferrer noopener\">Bas-Rhin<\/a>) a identifi\u00e9 une dizaine de sites publics pour devenir des \u00ab lieux refuges \u00bb. \u00ab Nous souhaitons cr\u00e9er un r\u00e9seau d\u2019endroits o\u00f9 les victimes de violences sexistes et sexuelles pourront se prot\u00e9ger \u00bb, annonce Nadia Zourgui, \u00e9lue municipale strasbourgeoise en charge de la tranquillit\u00e9 publique.<\/p>\n<p class=\"paragraph text_align_left lp-f-body-02\">\u00ab Le <a href=\"https:\/\/www.leparisien.fr\/paris-75\/paris-comment-la-mairie-du-xviie-lutte-contre-le-harcelement-de-rue-avec-lapplication-umay-08-03-2024-Q5NCCVLB45HDVMO36ONEPD4EYQ.php\" target=\"_blank\" rel=\"noreferrer noopener\">harc\u00e8lement de rue<\/a> ou les agressions sexuelles ne surviennent pas qu\u2019au beau milieu de la nuit. De plus en plus de femmes subissent ces attaques en pleine journ\u00e9e. Elles doivent pouvoir aller <a href=\"https:\/\/www.leparisien.fr\/sentinelles\/harcelement-de-rue-dispositif-angela-applis-formations-ca-bouge-enfin-pour-les-femmes-03-01-2025-RSOWNDB5LFAFRCSSHGFL3UKT7A.php\" target=\"_blank\" rel=\"noreferrer noopener\">se r\u00e9fugier dans des lieux connus de tous<\/a> et toutes \u00bb, assure l\u2019\u00e9lue.<\/p>\n<p class=\"paragraph text_align_left lp-f-body-02\">Et pour recevoir ces victimes et leur laisser la possibilit\u00e9 d\u2019\u00eatre entendue ailleurs que dans un commissariat ou une gendarmerie, dix-huit agents municipaux ont d\u00e9j\u00e0 \u00e9t\u00e9 form\u00e9s par la Centre d\u2019Information sur les Droits des Femmes et des Familles du Bas-Rhin.<\/p>\n<p class=\"paragraph text_align_left lp-f-body-02\">Ces formations ont en outre \u00e9t\u00e9 propos\u00e9es aux <a href=\"https:\/\/www.strasbourg.eu\/m%C3%A9diation-tranquillit%C3%A9-publique\" rel=\"noopener\" target=\"_blank\">m\u00e9diateurs de tranquillit\u00e9 publique<\/a>, qui interviennent notamment dans les piscines municipales, les parcs et dans les transports publics. Les objectifs sont clairs : apprendre \u00e0 \u00ab accueillir, r\u00e9agir et orienter \u00bb les personnes qui appellent \u00e0 l\u2019aide.<\/p>\n<p class=\"paragraph text_align_left lp-f-body-02\">\u00ab \u00c0 terme, on trouvera un agent form\u00e9 pour accueillir les <a href=\"https:\/\/www.leparisien.fr\/societe\/en-france-4-femmes-sur-10-ont-deja-ete-victimes-de-harcelement-sexuel-au-travail-25-11-2024-H6HY2GULYNBHJGBQ2USWHXTJ7I.php\" target=\"_blank\" rel=\"noreferrer noopener\">victimes de violences sexistes et sexuelles<\/a> dans chaque lieu public \u00e0 Strasbourg. L\u2019accueil des victimes ne peut pas relever que de la bonne intention, il faut \u00eatre form\u00e9 pour avoir les gestes et les paroles essentiels \u00bb, insiste encore Nadia Zourgui. Des <a href=\"https:\/\/www.leparisien.fr\/paris-75\/paris-42-commerces-labellises-lieux-surs-pour-les-femmes-en-insecurite-dans-les-rues-du-xviie-08-03-2025-GDHGJT3QZNE5NHWF5Z6MGSEFTY.php\" target=\"_blank\" rel=\"noreferrer noopener\">endroits<\/a> qui seront identifi\u00e9s gr\u00e2ce \u00e0 un logo et des visuels d\u00e9voil\u00e9s prochainement.<\/p>\n","protected":false},"excerpt":{"rendered":"Mus\u00e9es, toilettes publiques, mairies de quartiers\u2026 la Ville de Strasbourg (Bas-Rhin) a identifi\u00e9 une dizaine de sites publics&hellip;\n","protected":false},"author":2,"featured_media":370790,"comment_status":"","ping_status":"","sticky":false,"template":"","format":"standard","meta":{"footnotes":""},"categories":[2820],"tags":[1111,917,11,19468,459,1777,674,1011,27,775,12,25,104,640],"class_list":{"0":"post-370789","1":"post","2":"type-post","3":"status-publish","4":"format-standard","5":"has-post-thumbnail","7":"category-strasbourg","8":"tag-actu","9":"tag-actu-locale","10":"tag-actualites","11":"tag-bas-rhin-67","12":"tag-departements-horsidfo","13":"tag-eu","14":"tag-europe","15":"tag-fr","16":"tag-france","17":"tag-grand-est","18":"tag-news","19":"tag-republique-francaise","20":"tag-societe","21":"tag-strasbourg"},"share_on_mastodon":{"url":"https:\/\/pubeurope.com\/@fr\/115157800379549541","error":""},"_links":{"self":[{"href":"https:\/\/www.europesays.com\/fr\/wp-json\/wp\/v2\/posts\/370789","targetHints":{"allow":["GET"]}}],"collection":[{"href":"https:\/\/www.europesays.com\/fr\/wp-json\/wp\/v2\/posts"}],"about":[{"href":"https:\/\/www.europesays.com\/fr\/wp-json\/wp\/v2\/types\/post"}],"author":[{"embeddable":true,"href":"https:\/\/www.europesays.com\/fr\/wp-json\/wp\/v2\/users\/2"}],"replies":[{"embeddable":true,"href":"https:\/\/www.europesays.com\/fr\/wp-json\/wp\/v2\/comments?post=370789"}],"version-history":[{"count":0,"href":"https:\/\/www.europesays.com\/fr\/wp-json\/wp\/v2\/posts\/370789\/revisions"}],"wp:featuredmedia":[{"embeddable":true,"href":"https:\/\/www.europesays.com\/fr\/wp-json\/wp\/v2\/media\/370790"}],"wp:attachment":[{"href":"https:\/\/www.europesays.com\/fr\/wp-json\/wp\/v2\/media?parent=370789"}],"wp:term":[{"taxonomy":"category","embeddable":true,"href":"https:\/\/www.europesays.com\/fr\/wp-json\/wp\/v2\/categories?post=370789"},{"taxonomy":"post_tag","embeddable":true,"href":"https:\/\/www.europesays.com\/fr\/wp-json\/wp\/v2\/tags?post=370789"}],"curies":[{"name":"wp","href":"https:\/\/api.w.org\/{rel}","templated":true}]}}