{"id":370791,"date":"2025-09-06T14:22:16","date_gmt":"2025-09-06T14:22:16","guid":{"rendered":"https:\/\/www.europesays.com\/fr\/370791\/"},"modified":"2025-09-06T14:22:16","modified_gmt":"2025-09-06T14:22:16","slug":"on-fait-de-la-modernite-tout-en-respectant-le-patrimoine-cest-aussi-la-rentree-pour-linternat-du-lycee-massena-a-nice","status":"publish","type":"post","link":"https:\/\/www.europesays.com\/fr\/370791\/","title":{"rendered":"\u00ab\u00a0On fait de la modernit\u00e9 tout en respectant le patrimoine\u00a0\u00bb: c\u2019est aussi la rentr\u00e9e pour l\u2019internat du lyc\u00e9e Mass\u00e9na \u00e0 Nice"},"content":{"rendered":"<p>Des chambres individuelles, claires, qui sentent bon le neuf. \u00c0 l\u2019instar du couloir vert amande et blanc et des sanitaires. Une partie des dortoirs du lyc\u00e9e Mass\u00e9na a fait sa rentr\u00e9e. De classe&#8230; Ce r\u00e9veil du sommeil collectif dans le plus vieux bahut de Nice, a fait l\u2019objet d\u2019une visite de fin de chantier par Christian Estrosi, venu en tant que pr\u00e9sident d\u00e9l\u00e9gu\u00e9 du conseil r\u00e9gional, comp\u00e9tent en mati\u00e8re de prise en charge, notamment financi\u00e8re, des lyc\u00e9es. \u00c0 ses c\u00f4t\u00e9s, Nathalie Chicot et Laurent Le Mercier, respectivement rectrice et inspecteur de l\u2019acad\u00e9mie de Nice.<\/p>\n<p>Un petit tour dans une classe de seconde pour rassurer la jeunesse quant \u00e0 l\u2019orientation et direction le dernier \u00e9tage d\u2019un des b\u00e2timents, o\u00f9 viennent de s\u2019achever des travaux. \u00ab\u00a0Une r\u00e9fection des chambres d\u2019internes, d\u00e9crypte Philippe Tamisier, proviseur. Elle s\u2019inscrit dans le cadre de trois phases d\u2019une ann\u00e9e chacune, o\u00f9 le chantier se d\u00e9roule en site occup\u00e9.\u00a0\u00bb<\/p>\n<p>Une r\u00e9fection en trois temps<\/p>\n<p>La r\u00e9fection a d\u00e9marr\u00e9 l\u2019ann\u00e9e derni\u00e8re. Soit un an d\u2019ouvrage ayant permis de r\u00e9nover 40 chambres pour les filles. Une seconde phase vient de d\u00e9buter dans un autre b\u00e2timent en vis-\u00e0-vis et concerne 40 chambres. En attendant la troisi\u00e8me \u00e9tape, pr\u00e9vue de 2026 \u00e0 2027 et qui permettra de livrer 20 chambres pimpantes. Chaque fois, on casse tout \u00e0 l\u2019int\u00e9rieur.<\/p>\n<p>En somme, du neuf dans de l\u2019ancien. Mais pas n\u2019importe comment. \u00ab\u00a0On fait de la modernit\u00e9 tout en respectant le patrimoine\u00a0\u00bb, pr\u00e9vient Christian Estrosi. C\u2019est qu\u2019on n\u2019est pas un \u00ab\u00a0pr\u00e9fa\u00a0\u00bb: \u00ab\u00a0L\u2019internat est r\u00e9nov\u00e9 sous l\u2019\u00e9gide des Monuments historiques, qui valident, car le lyc\u00e9e est class\u00e9 au titre des monuments historiques\u00a0\u00bb, insiste le proviseur.<\/p>\n<p>Un empire flamboyant<\/p>\n<p>              <img ci-src=\"https:\/\/www.nicematin.com\/education\/protec\/DATA_ART_16185588-DZaFlotW.jpg?vh=a6cb0e&amp;ci_seal=f2ec6fe6b3\" alt=\"\"\/><br \/>\n        Du vert amande et du blanc et du bois clair pour le couloir longiligne.  <strong>Photo Ch.R..<\/strong> <\/p>\n<p>C\u2019est entre 1800 et 1810, que le lyc\u00e9e baptis\u00e9 lyc\u00e9e de Nice, r\u00e9serv\u00e9 aux gar\u00e7ons, est \u00e9rig\u00e9 sur la rive droite du Paillon. Il est alors premier et seul lyc\u00e9e des Alpes-Maritimes. Il est d\u00e9truit et reconstruit entre 1910 et 1930 avec six b\u00e2timents. \u00ab\u00a0Au d\u00e9part, poursuit le chef d\u2019\u00e9tablissement, on est sur une construction d\u2019Empire, mais ensuite, dans sa seconde version, l\u2019architecture a pris une tournure plus flamboyante.\u00a0\u00bb Rebaptis\u00e9 lyc\u00e9e Mass\u00e9na en 1963 du nom du mar\u00e9chal d\u2019Empire originaire de Levens, l\u2019\u00e9difice fait l\u2019objet d\u2019une r\u00e9novation de 1992 \u00e0 1995.<\/p>\n<p>C\u2019est dans cet univers, o\u00f9 la pierre de taille de La Turbie cohabite majestueusement avec les mosa\u00efques, les balcons, les galeries surplombant un vaste jardin plant\u00e9 d\u2019essences m\u00e9diterran\u00e9ennes, que turbinent les cerveaux de 1.900 lyc\u00e9ens et \u00e9tudiants de classes pr\u00e9paratoires. Sur ces effectifs, 100 sont internes, dont 60 filles et 40 gar\u00e7ons. \u00c0 chacun son aile. Durant ces travaux d\u2019internat, deux b\u00e2timents modulaires provisoires ont \u00e9t\u00e9 mis en place de part et d\u2019autre de la cour pour accueillir les \u00e9l\u00e8ves lorsqu\u2019il faut travailler sur des parties du b\u00e2timent o\u00f9 se d\u00e9roulent normalement des cours.<\/p>\n<p>Des travaux jusqu\u2019en 2040<\/p>\n<p>La r\u00e9habilitation de l\u2019internat co\u00fbte 7,8 millions d\u2019euros. Ils s\u2019ajouteront \u00e0 50 autres millions d\u2019euros destin\u00e9s \u00e0 une r\u00e9habilitation compl\u00e9mentaire correspondant \u00e0 des travaux planifi\u00e9s en dix phases entre 2028 et 2040 et pr\u00e9voyant une refonte globale \u00e9nerg\u00e9tique et fonctionnelle sur l\u2019ensemble du lyc\u00e9e. Un diagnostic est en cours.<\/p>\n<p>D\u2019autre part, le syst\u00e8me de vid\u00e9oprotection a \u00e9t\u00e9 r\u00e9nov\u00e9 en 2020 avec la pose de onze cam\u00e9ras num\u00e9riques haute d\u00e9finition, mais une extension est en cours pour trois postes de visualisation et mises \u00e0 jour des syst\u00e8mes (12.000 euros).<\/p>\n","protected":false},"excerpt":{"rendered":"Des chambres individuelles, claires, qui sentent bon le neuf. \u00c0 l\u2019instar du couloir vert amande et blanc et&hellip;\n","protected":false},"author":2,"featured_media":370792,"comment_status":"","ping_status":"","sticky":false,"template":"","format":"standard","meta":{"footnotes":""},"categories":[2819],"tags":[1111,11,1057,1777,674,332,1011,27,12,2401,882,25],"class_list":{"0":"post-370791","1":"post","2":"type-post","3":"status-publish","4":"format-standard","5":"has-post-thumbnail","7":"category-nice","8":"tag-actu","9":"tag-actualites","10":"tag-education","11":"tag-eu","12":"tag-europe","13":"tag-faits-de-societe","14":"tag-fr","15":"tag-france","16":"tag-news","17":"tag-nice","18":"tag-provence-alpes-cote-dazur","19":"tag-republique-francaise"},"share_on_mastodon":{"url":"https:\/\/pubeurope.com\/@fr\/115157804267122082","error":""},"_links":{"self":[{"href":"https:\/\/www.europesays.com\/fr\/wp-json\/wp\/v2\/posts\/370791","targetHints":{"allow":["GET"]}}],"collection":[{"href":"https:\/\/www.europesays.com\/fr\/wp-json\/wp\/v2\/posts"}],"about":[{"href":"https:\/\/www.europesays.com\/fr\/wp-json\/wp\/v2\/types\/post"}],"author":[{"embeddable":true,"href":"https:\/\/www.europesays.com\/fr\/wp-json\/wp\/v2\/users\/2"}],"replies":[{"embeddable":true,"href":"https:\/\/www.europesays.com\/fr\/wp-json\/wp\/v2\/comments?post=370791"}],"version-history":[{"count":0,"href":"https:\/\/www.europesays.com\/fr\/wp-json\/wp\/v2\/posts\/370791\/revisions"}],"wp:featuredmedia":[{"embeddable":true,"href":"https:\/\/www.europesays.com\/fr\/wp-json\/wp\/v2\/media\/370792"}],"wp:attachment":[{"href":"https:\/\/www.europesays.com\/fr\/wp-json\/wp\/v2\/media?parent=370791"}],"wp:term":[{"taxonomy":"category","embeddable":true,"href":"https:\/\/www.europesays.com\/fr\/wp-json\/wp\/v2\/categories?post=370791"},{"taxonomy":"post_tag","embeddable":true,"href":"https:\/\/www.europesays.com\/fr\/wp-json\/wp\/v2\/tags?post=370791"}],"curies":[{"name":"wp","href":"https:\/\/api.w.org\/{rel}","templated":true}]}}