{"id":370793,"date":"2025-09-06T14:23:12","date_gmt":"2025-09-06T14:23:12","guid":{"rendered":"https:\/\/www.europesays.com\/fr\/370793\/"},"modified":"2025-09-06T14:23:12","modified_gmt":"2025-09-06T14:23:12","slug":"renovation-du-site-de-lobservatoire-de-nice-christian-estrosi-present-pour-soutenir-lappel-aux-dons","status":"publish","type":"post","link":"https:\/\/www.europesays.com\/fr\/370793\/","title":{"rendered":"R\u00e9novation du site de l&rsquo;Observatoire de Nice : Christian Estrosi pr\u00e9sent pour soutenir l&rsquo;appel aux dons"},"content":{"rendered":"<p><strong>Ce matin, Christian Estrosi s\u2019est rendu \u00e0 l\u2019Observatoire de Nice pour assister \u00e0 la r\u00e9habilitation de la biblioth\u00e8que du site, mais aussi pour soutenir le nouvel appel aux dons lanc\u00e9 afin de financer la fin des travaux.<\/strong><\/p>\n<p>Le maire de Nice avait rendez-vous ce jeudi pour d\u00e9couvrir le r\u00e9sultat de la restauration de la biblioth\u00e8que du pavillon, datant de 1887. Mais les chantiers ne s\u2019arr\u00eatent pas l\u00e0. Le directeur du site, <strong>St\u00e9phane Mazevet<\/strong>, a annonc\u00e9 que de nouveaux projets de r\u00e9novation sont pr\u00e9vus. Pour cela, <strong>un appel aux dons<\/strong> est lanc\u00e9, \u00e0 la fois aupr\u00e8s du grand public et de la communaut\u00e9 scientifique.<\/p>\n<p>Ces prochains travaux concerneront l\u2019ensemble de la fa\u00e7ade du pavillon Henri Chr\u00e9tien, o\u00f9 la peinture s\u2019est effac\u00e9e par endroits. Les ornements, ainsi que la frise en mosa\u00efque, sont \u00e9galement tr\u00e8s ab\u00eem\u00e9s : \u00a0\u00bb Les petits carreaux qui la composent tombent petit \u00e0 petit \u00ab\u00a0, explique St\u00e9phane Mazevet. La frise est d\u00e9j\u00e0 <strong>endommag\u00e9e<\/strong> <strong>\u00e0 pr\u00e8s de 60 %<\/strong>.<\/p>\n<p>\u00c0 cela s\u2019ajoutent les deux mascarons situ\u00e9s juste en dessous, all\u00e9gories du soleil et de la lune, appel\u00e9s \u201cle jour\u201d et \u201cla nuit\u201d. Apr\u00e8s 140 ans d\u2019existence, le site a beaucoup vieilli, et une cure de jeunesse est d\u00e9sormais indispensable.<\/p>\n<p><strong>L\u2019importance des r\u00e9novations de l\u2019Observatoire<\/strong><\/p>\n<p>Ces r\u00e9novations ne sont pas qu\u2019esth\u00e9tiques, elles sont essentielles au travail des chercheurs en astrophysique. Le chantier, estim\u00e9 \u00e0 un peu moins de <strong>500 000 euros<\/strong>, b\u00e9n\u00e9ficie du soutien de <strong>Christian Estrosi<\/strong>, qui relaie l\u2019appel : \u00a0\u00bb Cet appel aux dons est tr\u00e8s important. C\u2019est une part de <strong>l\u2019histoire de l\u2019humanit\u00e9<\/strong> qui repose ici, tout comme c\u2019est <strong>notre avenir \u00e0 tous<\/strong> qui se joue \u00e9galement.\u00a0\u00bb Pr\u00e9server ce site est donc primordial pour permettre aux chercheurs de poursuivre leurs travaux.<\/p>\n<p>Tout le savoir conserv\u00e9 dans l\u2019ancienne biblioth\u00e8que devait \u00eatre prot\u00e9g\u00e9 afin d\u2019assurer la<strong> transmission<\/strong> des recherches aux g\u00e9n\u00e9rations futures. C\u2019est aussi l\u2019un des enjeux majeurs de cette r\u00e9novation : <strong>pr\u00e9server et transmettre la connaissance.<\/strong><\/p>\n<p>Cette transmission s\u2019incarne d\u00e9sormais dans les soutenances de th\u00e8ses des jeunes chercheurs. C\u2019est \u00e0 l\u2019\u00e9tage de la biblioth\u00e8que, fra\u00eechement r\u00e9nov\u00e9e, que seront partag\u00e9s les travaux de demain. Les \u00e9tudiants pourront y atteindre la cons\u00e9cration d\u2019un dipl\u00f4me de doctorat, dans un lieu class\u00e9 <strong>monument historique national.<\/strong> La restauration \u00e9tait indispensable pour que le site continue de mener \u00e0 bien ses missions et ses recherches spatiales, si pr\u00e9cieuses pour la science.<\/p>\n<p><img fetchpriority=\"high\" decoding=\"async\" width=\"1024\" height=\"769\" src=\"data:image\/svg+xml,%3Csvg%20xmlns=\" http:=\"\" alt=\"R\u00e9novation du site de l'Observatoire de Nice : Christian Estrosi pr\u00e9sent pour soutenir l'appel aux dons\" class=\"wp-image-243206\" data-lazy- data-lazy- data-lazy-src=\"https:\/\/www.europesays.com\/fr\/wp-content\/uploads\/2025\/09\/WhatsApp-Image-2025-09-05-a-13.05.36_285617f2-1-1024x769.jpg\"\/>La biblioth\u00e8que r\u00e9nov\u00e9e au premier \u00e9tage, l\u00e0 o\u00f9 toutes les r\u00e9unions importantes ont lieu. Photo : Alexandre Percevaux.<\/p>\n<p><strong>Redonner une meilleure image du site<\/strong><\/p>\n<p>\u00ab\u00a0La premi\u00e8re fois que je suis venu \u00e0 l\u2019Observatoire, j\u2019ai d\u00e9plor\u00e9 qu\u2019un lieu rassemblant autant de scientifiques de qualit\u00e9 soit install\u00e9 dans <strong>un b\u00e2timent en si mauvais \u00e9tat<\/strong>\u00ab\u00a0, regrette le directeur. Aujourd\u2019hui, c\u2019est donc une grande fiert\u00e9 pour les chercheurs de venir y travailler.<\/p>\n<p>L\u2019\u00e9quipe de recherche du site compte de nombreux scientifiques internationaux. Avec une r\u00e9novation compl\u00e8te, l\u2019attractivit\u00e9 du lieu s\u2019en trouve renforc\u00e9e. \u00ab\u00a0Les travaux sont absolument extraordinaires\u00a0\u00bb, se r\u00e9jouit <strong>Patrick Michel<\/strong>, <strong>astrophysicien et directeur de recherches au CNRS<\/strong>. \u00ab\u00a0Cela a un r\u00e9el retentissement international. Nous recevons de nombreuses demandes de <strong>partenaires<\/strong> <strong>\u00e9trangers<\/strong> souhaitant venir travailler ici, et maintenant que le site est r\u00e9nov\u00e9, il est encore plus accueillant.\u00ab\u00a0<\/p>\n<p>Le pavillon redeviendra \u00e9galement une <strong>fiert\u00e9<\/strong> pour les Ni\u00e7ois, qui pourront l\u2019admirer depuis leurs fen\u00eatres. \u00ab\u00a0La peinture sera refaite, un blanc cr\u00e8me et des volets verts, exactement comme Garnier l\u2019avait imagin\u00e9.\u00a0\u00bb relate le directeur de l\u2019Observatoire, St\u00e9phane Mazevet.<\/p>\n<p><strong>500 000 euros \u00e0 financer <\/strong><\/p>\n<p>Cette r\u00e9novation a un co\u00fbt, et les chercheurs en sont bien conscients. L\u2019\u00e9difice, vieux de 140 ans, s\u2019effrite. Le directeur de l\u2019Observatoire s\u2019est dit surpris par le nombre de petits donateurs lors des pr\u00e9c\u00e9dents appels.<br \/>\u00a0\u00bb J\u2019esp\u00e8re que cela continuera, car chaque don est important. Ce sont ces petites sommes qui, une fois accumul\u00e9es, nous permettent d\u2019atteindre nos objectifs.\u00ab\u00a0<\/p>\n<p><strong>La<\/strong> <strong>Fondation du<\/strong> <strong>patrimoine <\/strong>a \u00e9galement contribu\u00e9 \u00e0 hauteur de <strong>250 000<\/strong> <strong>euros <\/strong>depuis le d\u00e9but des travaux. <strong>La famille Dassault<\/strong>, grande contributrice, a elle aussi apport\u00e9 son soutien. <strong>L\u2019\u00c9tat et la m\u00e9tropole<\/strong> participent \u00e9galement, preuve du caract\u00e8re essentiel de ce projet.<\/p>\n<p>Il est possible de faire un don pour contribuer au renouveau de l\u2019Observatoire en cliquant <strong><a href=\"https:\/\/www.fondation-patrimoine.org\/faire-un-don\/pavillon-henri-chretien-de-l-observatoire-de-la-cote-d-azur-a-nice\/61098\" target=\"_blank\" data-type=\"link\" data-id=\"https:\/\/www.fondation-patrimoine.org\/faire-un-don\/pavillon-henri-chretien-de-l-observatoire-de-la-cote-d-azur-a-nice\/61098\" rel=\"noreferrer noopener nofollow\">ici<\/a><\/strong>.<\/p>\n","protected":false},"excerpt":{"rendered":"Ce matin, Christian Estrosi s\u2019est rendu \u00e0 l\u2019Observatoire de Nice pour assister \u00e0 la r\u00e9habilitation de la biblioth\u00e8que&hellip;\n","protected":false},"author":2,"featured_media":370794,"comment_status":"","ping_status":"","sticky":false,"template":"","format":"standard","meta":{"footnotes":""},"categories":[2819],"tags":[1111,11,1777,674,1011,27,12,2401,882,25],"class_list":{"0":"post-370793","1":"post","2":"type-post","3":"status-publish","4":"format-standard","5":"has-post-thumbnail","7":"category-nice","8":"tag-actu","9":"tag-actualites","10":"tag-eu","11":"tag-europe","12":"tag-fr","13":"tag-france","14":"tag-news","15":"tag-nice","16":"tag-provence-alpes-cote-dazur","17":"tag-republique-francaise"},"share_on_mastodon":{"url":"https:\/\/pubeurope.com\/@fr\/115157808104697926","error":""},"_links":{"self":[{"href":"https:\/\/www.europesays.com\/fr\/wp-json\/wp\/v2\/posts\/370793","targetHints":{"allow":["GET"]}}],"collection":[{"href":"https:\/\/www.europesays.com\/fr\/wp-json\/wp\/v2\/posts"}],"about":[{"href":"https:\/\/www.europesays.com\/fr\/wp-json\/wp\/v2\/types\/post"}],"author":[{"embeddable":true,"href":"https:\/\/www.europesays.com\/fr\/wp-json\/wp\/v2\/users\/2"}],"replies":[{"embeddable":true,"href":"https:\/\/www.europesays.com\/fr\/wp-json\/wp\/v2\/comments?post=370793"}],"version-history":[{"count":0,"href":"https:\/\/www.europesays.com\/fr\/wp-json\/wp\/v2\/posts\/370793\/revisions"}],"wp:featuredmedia":[{"embeddable":true,"href":"https:\/\/www.europesays.com\/fr\/wp-json\/wp\/v2\/media\/370794"}],"wp:attachment":[{"href":"https:\/\/www.europesays.com\/fr\/wp-json\/wp\/v2\/media?parent=370793"}],"wp:term":[{"taxonomy":"category","embeddable":true,"href":"https:\/\/www.europesays.com\/fr\/wp-json\/wp\/v2\/categories?post=370793"},{"taxonomy":"post_tag","embeddable":true,"href":"https:\/\/www.europesays.com\/fr\/wp-json\/wp\/v2\/tags?post=370793"}],"curies":[{"name":"wp","href":"https:\/\/api.w.org\/{rel}","templated":true}]}}