{"id":370799,"date":"2025-09-06T14:28:15","date_gmt":"2025-09-06T14:28:15","guid":{"rendered":"https:\/\/www.europesays.com\/fr\/370799\/"},"modified":"2025-09-06T14:28:15","modified_gmt":"2025-09-06T14:28:15","slug":"chantal-goya-et-son-mari-condamnes-a-verser-218-millions-deuros-au-credit-municipal-de-bordeaux","status":"publish","type":"post","link":"https:\/\/www.europesays.com\/fr\/370799\/","title":{"rendered":"Chantal Goya et son mari condamn\u00e9s \u00e0 verser 2,18 millions d&rsquo;euros au Cr\u00e9dit municipal de Bordeaux"},"content":{"rendered":"<p class=\"article-p mdl\">Chantal Goya et son mari Jean-Jacques Debout ont \u00e9t\u00e9 condamn\u00e9s par le tribunal de Paris, le 19 ao\u00fbt, \u00e0 verser la somme de 2,18 millions d&rsquo;euros au Cr\u00e9dit municipal de Bordeaux (Gironde), a rapport\u00e9\u00a0<a class=\"link\" href=\"https:\/\/www.sudouest.fr\/gironde\/bordeaux\/credit-municipal-de-bordeaux-chantal-goya-condamnee-a-regler-une-dette-de-2-18-millions-d-euros-25761614.php\" target=\"_blank\" rel=\"nofollow noopener\">Sud-Ouest<\/a>. Le couple a fait appel de cette d\u00e9cision, qui est toutefois ex\u00e9cutoire.\u00a0<\/p>\n<p class=\"article-p mdl\">La\u00a0<a class=\"link\" href=\"https:\/\/www.rtl.fr\/culture\/musique\/un-joli-cadeau-au-public-chantal-goya-fete-ses-50-ans-de-carriere-et-devoile-deux-titres-inedits-7900509043\" rel=\"nofollow noopener\" target=\"_blank\">chanteuse<\/a>\u00a0a eu recours \u00e0 l&rsquo;organisme de cr\u00e9dit en 2018. Mais celui-ci est accus\u00e9 d&rsquo;avoir accept\u00e9 des pr\u00eats risqu\u00e9s. Face \u00e0 une <strong>dette de 1,65 million d&rsquo;euros<\/strong> au Tr\u00e9sor public, le couple avait contract\u00e9 un pr\u00eat de <strong>2,215 millions d&rsquo;euros<\/strong> sur cinq ans avec, comme seul gage, les droits Sacem de Jean-Jacques Debout. Mais sa carri\u00e8re est derri\u00e8re lui, comme celle de Chantal Goya.<\/p>\n<p class=\"article-p mdl\">Le couple a fait valoir n&rsquo;avoir pas correctement \u00e9t\u00e9 avis\u00e9 des <strong>risques li\u00e9s \u00e0 l&#8217;emprunt,<\/strong> mais la justice n&rsquo;en a pas tenu compte, expliquant qu&rsquo;il \u00e9tait conseill\u00e9 par un sp\u00e9cialiste en droit \u00e9conomique et un courtier en financement. Chantal Goya et Jean-Jacques Debout n&rsquo;ont pas voulu commenter \u00ab\u00a0une affaire relevant du domaine priv\u00e9\u00a0\u00bb, a affirm\u00e9 leur avocate.<\/p>\n<p>    La r\u00e9daction vous recommande<\/p>\n<p class=\"s-newsletter__title\">\n                L\u2019actualit\u00e9 par la r\u00e9daction de RTL dans votre bo\u00eete mail.\n            <\/p>\n<p class=\"s-newsletter__subtitle\">\n                Gr\u00e2ce \u00e0 votre compte RTL abonnez-vous \u00e0 la newsletter RTL info pour suivre toute l&rsquo;actualit\u00e9 au quotidien\n            <\/p>\n<p>\n                                    Lire la suite\n                                <\/p>\n","protected":false},"excerpt":{"rendered":"Chantal Goya et son mari Jean-Jacques Debout ont \u00e9t\u00e9 condamn\u00e9s par le tribunal de Paris, le 19 ao\u00fbt,&hellip;\n","protected":false},"author":2,"featured_media":370800,"comment_status":"","ping_status":"","sticky":false,"template":"","format":"standard","meta":{"footnotes":""},"categories":[2817],"tags":[1111,11,1997,1777,674,2414,107,1011,27,303,873,12,2219,25],"class_list":{"0":"post-370799","1":"post","2":"type-post","3":"status-publish","4":"format-standard","5":"has-post-thumbnail","7":"category-bordeaux","8":"tag-actu","9":"tag-actualites","10":"tag-bordeaux","11":"tag-eu","12":"tag-europe","13":"tag-fil-culture","14":"tag-fil-info","15":"tag-fr","16":"tag-france","17":"tag-justice","18":"tag-musique","19":"tag-news","20":"tag-nouvelle-aquitaine","21":"tag-republique-francaise"},"share_on_mastodon":{"url":"https:\/\/pubeurope.com\/@fr\/115157827839203645","error":""},"_links":{"self":[{"href":"https:\/\/www.europesays.com\/fr\/wp-json\/wp\/v2\/posts\/370799","targetHints":{"allow":["GET"]}}],"collection":[{"href":"https:\/\/www.europesays.com\/fr\/wp-json\/wp\/v2\/posts"}],"about":[{"href":"https:\/\/www.europesays.com\/fr\/wp-json\/wp\/v2\/types\/post"}],"author":[{"embeddable":true,"href":"https:\/\/www.europesays.com\/fr\/wp-json\/wp\/v2\/users\/2"}],"replies":[{"embeddable":true,"href":"https:\/\/www.europesays.com\/fr\/wp-json\/wp\/v2\/comments?post=370799"}],"version-history":[{"count":0,"href":"https:\/\/www.europesays.com\/fr\/wp-json\/wp\/v2\/posts\/370799\/revisions"}],"wp:featuredmedia":[{"embeddable":true,"href":"https:\/\/www.europesays.com\/fr\/wp-json\/wp\/v2\/media\/370800"}],"wp:attachment":[{"href":"https:\/\/www.europesays.com\/fr\/wp-json\/wp\/v2\/media?parent=370799"}],"wp:term":[{"taxonomy":"category","embeddable":true,"href":"https:\/\/www.europesays.com\/fr\/wp-json\/wp\/v2\/categories?post=370799"},{"taxonomy":"post_tag","embeddable":true,"href":"https:\/\/www.europesays.com\/fr\/wp-json\/wp\/v2\/tags?post=370799"}],"curies":[{"name":"wp","href":"https:\/\/api.w.org\/{rel}","templated":true}]}}