{"id":370801,"date":"2025-09-06T14:29:11","date_gmt":"2025-09-06T14:29:11","guid":{"rendered":"https:\/\/www.europesays.com\/fr\/370801\/"},"modified":"2025-09-06T14:29:11","modified_gmt":"2025-09-06T14:29:11","slug":"la-chasse-nocturne-aux-herissons-se-termine-en-garde-a-vue-pour-deux-amateurs-emeches","status":"publish","type":"post","link":"https:\/\/www.europesays.com\/fr\/370801\/","title":{"rendered":"La chasse nocturne aux h\u00e9rissons se termine en garde \u00e0 vue pour deux amateurs \u00e9m\u00e9ch\u00e9s"},"content":{"rendered":"<p>\n                                                                    l&rsquo;essentiel<br \/>\n                                                                Deux hommes ont \u00e9t\u00e9 interpell\u00e9s dans la nuit en train de \u00ab\u00a0chasser\u00a0\u00bb dans le parc d\u2019un centre d\u2019accueil, \u00e0 Toulouse. Ils avaient \u00ab\u00a0r\u00e9cup\u00e9r\u00e9\u00a0\u00bb des h\u00e9rissons. Les deux suspects\u00a0ont \u00e9t\u00e9 plac\u00e9s en garde \u00e0 vue, les animaux, prot\u00e9g\u00e9s, ont retrouv\u00e9 la verdure.\n                            <\/p>\n<p>Les lampes torches qui scrutaient le vaste parc d\u2019un institut th\u00e9rapeutique, le ch\u00e2teau de Sage rue Antoine-Bay\u00e9s dans l\u2019est de Toulouse, ont fini par attirer l\u2019attention de t\u00e9moins dans la nuit de\u00a0vendredi \u00e0 samedi. Des individus semblaient scruter le parc. Pourquoi\u00a0? Des voleurs\u00a0? La police a \u00e9t\u00e9 alert\u00e9e.<\/p>\n<p>Sur place, vers 23\u00a0heures vendredi soir, la patrouille a d\u00e9couvert\u00a0l\u2019ouverture automatique du portail d\u00e9grad\u00e9 et dans le parc, deux individus. Passablement \u00e9m\u00e9ch\u00e9s, les membres de ce duo ne se trouvaient pas l\u00e0 par hasard. Dans un sac en toile, ils avaient d\u00e9j\u00e0 ramass\u00e9 douze h\u00e9rissons.<\/p>\n<p>Esp\u00e8ce prot\u00e9g\u00e9e, chasse interdite<\/p>\n<p>Des animaux, prot\u00e9g\u00e9s, mais qui constituent toujours un mets pris\u00e9 par la communaut\u00e9 des Fran\u00e7ais itin\u00e9rants. \u00ab\u00a0Un\u00a0repas de f\u00eate\u00a0\u00bb, indique un membre de la communaut\u00e9 interrog\u00e9 sur le sujet.<\/p>\n<p>Seulement, la \u00ab\u00a0chasse\u00a0\u00bb, interdite, s\u2019est sold\u00e9e par une\u00a0garde \u00e0 vue pour les deux amateurs surpris dans la nuit par les policiers. \u00c2g\u00e9s de 62 et 31 ans, ils doivent encore s\u2019expliquer sur leur pratique qui risque, au minimum, de leur co\u00fbter une solide amende.<\/p>\n<p>Quant au repas pr\u00e9vu, il va falloir changer le menu. Les douze h\u00e9rissons ont en effet \u00e9t\u00e9 laiss\u00e9s sur place par les policiers. Ces petits animaux continuent \u00e0 se balader, de pr\u00e9f\u00e9rence de nuit, dans le parc du ch\u00e2teau.<\/p>\n","protected":false},"excerpt":{"rendered":"l&rsquo;essentiel Deux hommes ont \u00e9t\u00e9 interpell\u00e9s dans la nuit en train de \u00ab\u00a0chasser\u00a0\u00bb dans le parc d\u2019un centre&hellip;\n","protected":false},"author":2,"featured_media":370802,"comment_status":"","ping_status":"","sticky":false,"template":"","format":"standard","meta":{"footnotes":""},"categories":[2816],"tags":[1111,11,1777,674,1011,27,12,2680,25,2312],"class_list":{"0":"post-370801","1":"post","2":"type-post","3":"status-publish","4":"format-standard","5":"has-post-thumbnail","7":"category-toulouse","8":"tag-actu","9":"tag-actualites","10":"tag-eu","11":"tag-europe","12":"tag-fr","13":"tag-france","14":"tag-news","15":"tag-occitanie","16":"tag-republique-francaise","17":"tag-toulouse"},"share_on_mastodon":{"url":"https:\/\/pubeurope.com\/@fr\/115157831789839248","error":""},"_links":{"self":[{"href":"https:\/\/www.europesays.com\/fr\/wp-json\/wp\/v2\/posts\/370801","targetHints":{"allow":["GET"]}}],"collection":[{"href":"https:\/\/www.europesays.com\/fr\/wp-json\/wp\/v2\/posts"}],"about":[{"href":"https:\/\/www.europesays.com\/fr\/wp-json\/wp\/v2\/types\/post"}],"author":[{"embeddable":true,"href":"https:\/\/www.europesays.com\/fr\/wp-json\/wp\/v2\/users\/2"}],"replies":[{"embeddable":true,"href":"https:\/\/www.europesays.com\/fr\/wp-json\/wp\/v2\/comments?post=370801"}],"version-history":[{"count":0,"href":"https:\/\/www.europesays.com\/fr\/wp-json\/wp\/v2\/posts\/370801\/revisions"}],"wp:featuredmedia":[{"embeddable":true,"href":"https:\/\/www.europesays.com\/fr\/wp-json\/wp\/v2\/media\/370802"}],"wp:attachment":[{"href":"https:\/\/www.europesays.com\/fr\/wp-json\/wp\/v2\/media?parent=370801"}],"wp:term":[{"taxonomy":"category","embeddable":true,"href":"https:\/\/www.europesays.com\/fr\/wp-json\/wp\/v2\/categories?post=370801"},{"taxonomy":"post_tag","embeddable":true,"href":"https:\/\/www.europesays.com\/fr\/wp-json\/wp\/v2\/tags?post=370801"}],"curies":[{"name":"wp","href":"https:\/\/api.w.org\/{rel}","templated":true}]}}