{"id":370803,"date":"2025-09-06T14:30:15","date_gmt":"2025-09-06T14:30:15","guid":{"rendered":"https:\/\/www.europesays.com\/fr\/370803\/"},"modified":"2025-09-06T14:30:15","modified_gmt":"2025-09-06T14:30:15","slug":"un-voyageur-ivre-tente-douvrir-les-portes-en-plein-vol-lavion-deroute-a-toulouse-en-urgence","status":"publish","type":"post","link":"https:\/\/www.europesays.com\/fr\/370803\/","title":{"rendered":"Un voyageur ivre tente d\u2019ouvrir les portes en plein vol, l\u2019avion d\u00e9rout\u00e9 \u00e0 Toulouse en urgence"},"content":{"rendered":"<p>L\u2019\u00e9quipage et les passagers d\u2019un vol <a href=\"https:\/\/www.20minutes.fr\/economie\/ryanair\/\" class=\"c-link c-link--is-underlined\" target=\"_blank\" rel=\"noopener\">Ryanair<\/a> entre Bournemouth au <a href=\"https:\/\/www.20minutes.fr\/monde\/royaume-uni\/\" class=\"c-link c-link--is-underlined\" target=\"_blank\" rel=\"noopener\">Royaume-Uni <\/a>et G\u00e9rone en<a href=\"https:\/\/www.20minutes.fr\/dossier\/espagne\" class=\"c-link c-link--is-underlined\" target=\"_blank\" rel=\"noopener\"> Espagne<\/a>, ont eu une peur bleue ce jeudi. Un passager britannique alcoolis\u00e9 a tent\u00e9 de forcer l\u2019une des issues de secours de l\u2019avion en plein vol, <a href=\"https:\/\/www.leparisien.fr\/faits-divers\/il-voulait-ouvrir-les-portes-un-vol-ryanair-deroute-en-urgence-a-toulouse-en-raison-dun-passager-ivre-06-09-2025-6SG6GNKPJJEPRDLRW3DXLLWPRU.php\" rel=\"nofollow noopener\" target=\"_blank\" class=\"c-link c-link--is-underlined\">rapporte Le Parisien<\/a>, reprenant <a href=\"https:\/\/www.ladepeche.fr\/2025\/09\/05\/info-la-depeche-cauchemar-en-plein-vol-un-passager-britannique-tente-douvrir-une-porte-lavion-atterrit-en-urgence-a-toulouse-12912219.php\" rel=\"nofollow noopener\" target=\"_blank\" class=\"c-link c-link--is-underlined\">une information de La D\u00e9p\u00eache.<\/a><\/p>\n<p>Le voyageur n\u2019\u00e9coutait aucune consigne de s\u00e9curit\u00e9 au d\u00e9collage. Quand il est devenu incontr\u00f4lable et a tent\u00e9 d\u2019ouvrir une porte, l\u2019\u00e9quipage a \u00e9t\u00e9 contraint de d\u00e9clencher une proc\u00e9dure d\u2019atterrissage d\u2019urgence, en d\u00e9routant l\u2019appareil vers l\u2019a\u00e9roport de Toulouse.<\/p>\n<\/p>\n<p>Ma\u00eetris\u00e9 par le personnel de bord aid\u00e9 de passagers, il a \u00e9t\u00e9 remis \u00e0 la police des fronti\u00e8res. Quatre agents ont \u00e9t\u00e9 n\u00e9cessaires pour l\u2019extraire de l\u2019avion et le porter jusqu\u2019en cellule de d\u00e9grisement.<\/p>\n<p>Quatre de ses amis sont descendus de l\u2019avion avec lui, sans qu\u2019il leur soit rien reproch\u00e9.<\/p>\n","protected":false},"excerpt":{"rendered":"L\u2019\u00e9quipage et les passagers d\u2019un vol Ryanair entre Bournemouth au Royaume-Uni et G\u00e9rone en Espagne, ont eu une&hellip;\n","protected":false},"author":2,"featured_media":370804,"comment_status":"","ping_status":"","sticky":false,"template":"","format":"standard","meta":{"footnotes":""},"categories":[2816],"tags":[1111,47,11,123,1777,674,118,1011,27,2722,5553,2721,12,2680,25,473,8683,2312],"class_list":{"0":"post-370803","1":"post","2":"type-post","3":"status-publish","4":"format-standard","5":"has-post-thumbnail","7":"category-toulouse","8":"tag-actu","9":"tag-actualite","10":"tag-actualites","11":"tag-espagne","12":"tag-eu","13":"tag-europe","14":"tag-faits-divers","15":"tag-fr","16":"tag-france","17":"tag-haute-garonne","18":"tag-le-parisien","19":"tag-midi-pyrenees","20":"tag-news","21":"tag-occitanie","22":"tag-republique-francaise","23":"tag-royaume-uni","24":"tag-ryanair","25":"tag-toulouse"},"share_on_mastodon":{"url":"https:\/\/pubeurope.com\/@fr\/115157835738402835","error":""},"_links":{"self":[{"href":"https:\/\/www.europesays.com\/fr\/wp-json\/wp\/v2\/posts\/370803","targetHints":{"allow":["GET"]}}],"collection":[{"href":"https:\/\/www.europesays.com\/fr\/wp-json\/wp\/v2\/posts"}],"about":[{"href":"https:\/\/www.europesays.com\/fr\/wp-json\/wp\/v2\/types\/post"}],"author":[{"embeddable":true,"href":"https:\/\/www.europesays.com\/fr\/wp-json\/wp\/v2\/users\/2"}],"replies":[{"embeddable":true,"href":"https:\/\/www.europesays.com\/fr\/wp-json\/wp\/v2\/comments?post=370803"}],"version-history":[{"count":0,"href":"https:\/\/www.europesays.com\/fr\/wp-json\/wp\/v2\/posts\/370803\/revisions"}],"wp:featuredmedia":[{"embeddable":true,"href":"https:\/\/www.europesays.com\/fr\/wp-json\/wp\/v2\/media\/370804"}],"wp:attachment":[{"href":"https:\/\/www.europesays.com\/fr\/wp-json\/wp\/v2\/media?parent=370803"}],"wp:term":[{"taxonomy":"category","embeddable":true,"href":"https:\/\/www.europesays.com\/fr\/wp-json\/wp\/v2\/categories?post=370803"},{"taxonomy":"post_tag","embeddable":true,"href":"https:\/\/www.europesays.com\/fr\/wp-json\/wp\/v2\/tags?post=370803"}],"curies":[{"name":"wp","href":"https:\/\/api.w.org\/{rel}","templated":true}]}}