{"id":370805,"date":"2025-09-06T14:31:10","date_gmt":"2025-09-06T14:31:10","guid":{"rendered":"https:\/\/www.europesays.com\/fr\/370805\/"},"modified":"2025-09-06T14:31:10","modified_gmt":"2025-09-06T14:31:10","slug":"lfi-designe-une-deputee-suppleante-lahouaria-addouche-comme-tete-de-liste-a-lille","status":"publish","type":"post","link":"https:\/\/www.europesays.com\/fr\/370805\/","title":{"rendered":"LFI d\u00e9signe une d\u00e9put\u00e9e suppl\u00e9ante, Lahouaria Addouche, comme t\u00eate de liste \u00e0 Lille"},"content":{"rendered":"<p>A l\u2019occasion de la Braderie de Lille,<a href=\"https:\/\/www.20minutes.fr\/politique\/france-insoumise\/\" class=\"c-link c-link--is-underlined\" target=\"_blank\" rel=\"noopener\"> le mouvement de la France Insoumise (LFI)<\/a> a annonc\u00e9 que la suppl\u00e9ante du d\u00e9put\u00e9 Aur\u00e9lien Le\u00a0Coq, Lahouaria Addouche, une quadrag\u00e9naire issue des quartiers populaires, sera t\u00eate de liste \u00e0 <a href=\"https:\/\/www.20minutes.fr\/municipales\/\" class=\"c-link c-link--is-underlined\" target=\"_blank\" rel=\"noopener\">l\u2019\u00e9lection municipale<\/a> \u00e0 Lille.<\/p>\n<p>\u00ab\u00a0Nous sommes pr\u00eats \u00e0 ouvrir une nouvelle page pour <a href=\"https:\/\/www.20minutes.fr\/lille\/\" class=\"c-link c-link--is-underlined\" target=\"_blank\" rel=\"noopener\">Lille<\/a>\u00a0\u00bb, a martel\u00e9 cette m\u00e8re de famille de 42 ans, ex-travailleuse sociale \u00e0 pr\u00e9sent \u00ab\u00a0ouvri\u00e8re\u00a0\u00bb, technicienne qualit\u00e9 chez un sous-traitant d\u2019Airbus. \u00ab\u00a0Lille m\u00e9rite mieux [\u2026] qu\u2019un Parti Socialiste qui a tourn\u00e9 le dos \u00e0 la justice sociale\u00a0\u00bb et aux quartiers populaires, a insist\u00e9 cette \u00ab\u00a0Lilloise depuis toujours\u00a0\u00bb, n\u00e9e dans la capitale des Flandres.<\/p>\n<p>M\u00e9lenchon y a r\u00e9alis\u00e9 un score de 40,53\u00a0% en\u00a02022<\/p>\n<p>Sauf coup de th\u00e9\u00e2tre, la gauche se pr\u00e9sentera en ordre dispers\u00e9 au scrutin lillois. Les Ecologistes ont d\u00e9sign\u00e9 pour t\u00eate de liste St\u00e9phane Baly, pass\u00e9 tout proche de ravir le beffroi \u00e0 Martine Aubry en\u00a02020, et les socialistes doivent encore trancher entre le maire actuel Arnaud Deslandes, choisi par Martine Aubry pour lui succ\u00e9der, et le d\u00e9put\u00e9 Roger Vicot. Ces trois partis devraient, avec la macroniste Violette Spillebout, dominer la campagne municipale.<\/p>\n<p>\u00ab\u00a0Lille est une ville insoumise\u00a0\u00bb, a assur\u00e9, aux c\u00f4t\u00e9s de Lahouaria Addouche, Aur\u00e9lien Le\u00a0Coq, dont elle est la suppl\u00e9ante depuis les l\u00e9gislatives de\u00a02024 apr\u00e8s avoir \u00e9t\u00e9 celle d\u2019Adrien Quatennens.<\/p>\n<p>Si Lille est un bastion socialiste depuis\u00a01955, les insoumis ont des raisons de penser qu\u2019ils peuvent arracher la ville au PS. En\u00a02022, Jean-Luc M\u00e9lenchon y avait obtenu 40,53\u00a0% des voix au premier tour de la pr\u00e9sidentielle, largement devant Emmanuel Macron (25,67\u00a0%).<\/p>\n<\/p>\n<p>Mais lors du dernier scrutin municipal, en\u00a02020, la t\u00eate de liste LFI Julien Poix n\u2019avait r\u00e9uni que 8,84\u00a0% des suffrages, loin derri\u00e8re Martine Aubry, St\u00e9phane Baly et Violette Spillebout.<\/p>\n","protected":false},"excerpt":{"rendered":"A l\u2019occasion de la Braderie de Lille, le mouvement de la France Insoumise (LFI) a annonc\u00e9 que la&hellip;\n","protected":false},"author":2,"featured_media":370806,"comment_status":"","ping_status":"","sticky":false,"template":"","format":"standard","meta":{"footnotes":""},"categories":[2815],"tags":[1111,47,11,422,2761,1777,674,1011,27,811,3081,1307,15626,12,1308,1309,316,25,50493],"class_list":{"0":"post-370805","1":"post","2":"type-post","3":"status-publish","4":"format-standard","5":"has-post-thumbnail","7":"category-lille","8":"tag-actu","9":"tag-actualite","10":"tag-actualites","11":"tag-depute","12":"tag-elections-municipales-2026","13":"tag-eu","14":"tag-europe","15":"tag-fr","16":"tag-france","17":"tag-hauts-de-france","18":"tag-jean-luc-melenchon","19":"tag-lille","20":"tag-martine-aubry","21":"tag-news","22":"tag-nord","23":"tag-nord-pas-de-calais","24":"tag-politique","25":"tag-republique-francaise","26":"tag-violette-spillebout"},"share_on_mastodon":{"url":"https:\/\/pubeurope.com\/@fr\/115157839613163437","error":""},"_links":{"self":[{"href":"https:\/\/www.europesays.com\/fr\/wp-json\/wp\/v2\/posts\/370805","targetHints":{"allow":["GET"]}}],"collection":[{"href":"https:\/\/www.europesays.com\/fr\/wp-json\/wp\/v2\/posts"}],"about":[{"href":"https:\/\/www.europesays.com\/fr\/wp-json\/wp\/v2\/types\/post"}],"author":[{"embeddable":true,"href":"https:\/\/www.europesays.com\/fr\/wp-json\/wp\/v2\/users\/2"}],"replies":[{"embeddable":true,"href":"https:\/\/www.europesays.com\/fr\/wp-json\/wp\/v2\/comments?post=370805"}],"version-history":[{"count":0,"href":"https:\/\/www.europesays.com\/fr\/wp-json\/wp\/v2\/posts\/370805\/revisions"}],"wp:featuredmedia":[{"embeddable":true,"href":"https:\/\/www.europesays.com\/fr\/wp-json\/wp\/v2\/media\/370806"}],"wp:attachment":[{"href":"https:\/\/www.europesays.com\/fr\/wp-json\/wp\/v2\/media?parent=370805"}],"wp:term":[{"taxonomy":"category","embeddable":true,"href":"https:\/\/www.europesays.com\/fr\/wp-json\/wp\/v2\/categories?post=370805"},{"taxonomy":"post_tag","embeddable":true,"href":"https:\/\/www.europesays.com\/fr\/wp-json\/wp\/v2\/tags?post=370805"}],"curies":[{"name":"wp","href":"https:\/\/api.w.org\/{rel}","templated":true}]}}