{"id":370807,"date":"2025-09-06T14:32:16","date_gmt":"2025-09-06T14:32:16","guid":{"rendered":"https:\/\/www.europesays.com\/fr\/370807\/"},"modified":"2025-09-06T14:32:16","modified_gmt":"2025-09-06T14:32:16","slug":"un-week-end-qui-booste-les-affaires","status":"publish","type":"post","link":"https:\/\/www.europesays.com\/fr\/370807\/","title":{"rendered":"un week-end qui booste les affaires"},"content":{"rendered":"<p>            lire plus tard<\/p>\n<p id=\"dialog__title\" class=\"dialog__title\">Pour sauvegarder cet article, connectez-vous ou cr\u00e9ez un compte franceinfo<\/p>\n<p class=\"dialog__description\">Sans paiement. Sans abonnement.<\/p>\n<p>        Fermer la fen\u00eatre d\u2019activation des notifications France Info<\/p>\n<p>            cr\u00e9er votre compte<\/p>\n<p>            se connecter<\/p>\n<p>        Fermer la fen\u00eatre de pr\u00e9sentation<\/p>\n<p>    Publi\u00e9 le 06\/09\/2025 15:22<\/p>\n<p>      Mis \u00e0 jour le 06\/09\/2025 16:15<\/p>\n<p>        Temps de lecture : 2min &#8211; vid\u00e9o : 2min<\/p>\n<p>    <img decoding=\"async\" class=\"francetv-player-wrapper__image\" alt=\"Braderie de Lille : un week-end qui booste les affaires\"  width=\"432\" height=\"243\" src=\"https:\/\/www.europesays.com\/fr\/wp-content\/uploads\/2025\/09\/gfhhfgh-68bc34ed3e87c937565018.png\" fetchpriority=\"high\"\/><\/p>\n<p>              Braderie de Lille : un week-end qui booste les affaires<br \/>\n                    (France 2)<\/p>\n<p>      2min<\/p>\n<p>\n  La braderie de Lille transforme la ville en un march\u00e9 g\u00e9ant de 100 km, attirant des millions de visiteurs du monde entier. Commer\u00e7ants, h\u00f4tels et restaurants profitent d\u2019un week-end exceptionnel, o\u00f9 affluence rime avec chiffre d\u2019affaires record et animation sans fin dans le centre-ville.\n<\/p>\n<p><strong>Ce texte correspond \u00e0 une partie de la retranscription du reportage ci-dessus. Cliquez sur la vid\u00e9o pour la regarder en int\u00e9gralit\u00e9.<\/strong><\/p>\n<p>Elle s&rsquo;\u00e9tend sur pr\u00e8s de 100 kilom\u00e8tres d&rsquo;\u00e9tal \u00e0 travers toute la ville. Une braderie XXL o\u00f9 l&rsquo;on vend de tout : bibelots, v\u00eatements ou encore jouets pour enfants. Chaque ann\u00e9e, cet \u00e9v\u00e9nement attire des curieux venus des quatre coins du monde : Belges, Allemands, Chinois ou encore Anglais.<\/p>\n<p><a href=\"https:\/\/www.franceinfo.fr\/france\/hauts-de-france\/nord\/lille\/braderie-de-lille-2025-coup-d-envoi-pour-les-chineurs-jusqu-a-2-millions-de-visiteurs-attendus-d-ici-dimanche_7475077.html\" rel=\"noopener noreferrer nofollow\" data-tooltip-url=\"https:\/\/www.franceinfo.fr\/france\/hauts-de-france\/nord\/lille\/braderie-de-lille-2025-coup-d-envoi-pour-les-chineurs-jusqu-a-2-millions-de-visiteurs-attendus-d-ici-dimanche_7475077.html\" target=\"_blank\">Plus de 2 millions de visiteurs sont attendus<\/a>, ce qui repr\u00e9sente une v\u00e9ritable aubaine pour les commer\u00e7ants et les h\u00f4tels de la ville. Pour certains \u00e9tablissements, c\u2019est le week-end le plus important de l\u2019ann\u00e9e.<\/p>\n<p>Dans l&rsquo;h\u00f4tel Bellevue, situ\u00e9 en centre-ville, toutes les chambres sont prises malgr\u00e9 des prix plus \u00e9lev\u00e9s. Pour une chambre avec vue sur la Grand-Place, comptez pr\u00e8s de 400 euros la nuit, soit 30 % de plus que d&rsquo;habitude. Pierre Ceaux, directeur de l&rsquo;H\u00f4tel Bellevue, se r\u00e9jouit : \u00ab\u00a0Apr\u00e8s un bel \u00e9t\u00e9, cela nous permet de red\u00e9marrer la saison avec des chiffres qui nous permettent d&rsquo;\u00eatre un peu plus sereins pour le dernier trimestre.\u00a0\u00bb<\/p>\n<p>La braderie est \u00e9galement un moment cl\u00e9 pour les boutiques. Chez Liberti, par exemple, on \u00e9coule les stocks \u00e0 prix r\u00e9duits pour attirer la foule. H\u00e9lo\u00efse Desumeur, vendeuse, explique : \u00ab\u00a0On a des collections d\u2019avant, automne-hiver, manteaux, maillots de bain. On a tout ce qu\u2019il faut pour accueillir tout le monde.\u00a0\u00bb<\/p>\n<p>La braderie impacte aussi la restauration. Chez La Chicor\u00e9e, enseigne embl\u00e9matique de Lille (Nord), on sert deux fois plus de clients que d&rsquo;habitude. La terrasse a \u00e9t\u00e9 agrandie avec de grandes tables en bois pour assurer un service continu, et 30 serveurs suppl\u00e9mentaires ont \u00e9t\u00e9 embauch\u00e9s.<\/p>\n<p>Pendant deux jours, il faudra garder le rythme : cet \u00e9tablissement r\u00e9alise ainsi 50 % de chiffre d&rsquo;affaires en plus qu\u2019un week-end classique.<\/p>\n","protected":false},"excerpt":{"rendered":"lire plus tard Pour sauvegarder cet article, connectez-vous ou cr\u00e9ez un compte franceinfo Sans paiement. Sans abonnement. Fermer&hellip;\n","protected":false},"author":2,"featured_media":370808,"comment_status":"","ping_status":"","sticky":false,"template":"","format":"standard","meta":{"footnotes":""},"categories":[2815],"tags":[1111,11,1777,674,1011,27,811,1307,12,25],"class_list":{"0":"post-370807","1":"post","2":"type-post","3":"status-publish","4":"format-standard","5":"has-post-thumbnail","7":"category-lille","8":"tag-actu","9":"tag-actualites","10":"tag-eu","11":"tag-europe","12":"tag-fr","13":"tag-france","14":"tag-hauts-de-france","15":"tag-lille","16":"tag-news","17":"tag-republique-francaise"},"share_on_mastodon":{"url":"https:\/\/pubeurope.com\/@fr\/115157843937339858","error":""},"_links":{"self":[{"href":"https:\/\/www.europesays.com\/fr\/wp-json\/wp\/v2\/posts\/370807","targetHints":{"allow":["GET"]}}],"collection":[{"href":"https:\/\/www.europesays.com\/fr\/wp-json\/wp\/v2\/posts"}],"about":[{"href":"https:\/\/www.europesays.com\/fr\/wp-json\/wp\/v2\/types\/post"}],"author":[{"embeddable":true,"href":"https:\/\/www.europesays.com\/fr\/wp-json\/wp\/v2\/users\/2"}],"replies":[{"embeddable":true,"href":"https:\/\/www.europesays.com\/fr\/wp-json\/wp\/v2\/comments?post=370807"}],"version-history":[{"count":0,"href":"https:\/\/www.europesays.com\/fr\/wp-json\/wp\/v2\/posts\/370807\/revisions"}],"wp:featuredmedia":[{"embeddable":true,"href":"https:\/\/www.europesays.com\/fr\/wp-json\/wp\/v2\/media\/370808"}],"wp:attachment":[{"href":"https:\/\/www.europesays.com\/fr\/wp-json\/wp\/v2\/media?parent=370807"}],"wp:term":[{"taxonomy":"category","embeddable":true,"href":"https:\/\/www.europesays.com\/fr\/wp-json\/wp\/v2\/categories?post=370807"},{"taxonomy":"post_tag","embeddable":true,"href":"https:\/\/www.europesays.com\/fr\/wp-json\/wp\/v2\/tags?post=370807"}],"curies":[{"name":"wp","href":"https:\/\/api.w.org\/{rel}","templated":true}]}}