{"id":370809,"date":"2025-09-06T14:33:10","date_gmt":"2025-09-06T14:33:10","guid":{"rendered":"https:\/\/www.europesays.com\/fr\/370809\/"},"modified":"2025-09-06T14:33:10","modified_gmt":"2025-09-06T14:33:10","slug":"trump-et-sa-station-balneaire-a-gaza-lactualite-devient-une-blague","status":"publish","type":"post","link":"https:\/\/www.europesays.com\/fr\/370809\/","title":{"rendered":"Trump et sa station baln\u00e9aire \u00e0 Gaza ? L\u2019actualit\u00e9 devient une blague\u2026"},"content":{"rendered":"<p>On l\u2019avait quitt\u00e9 en d\u00e9but d\u2019ann\u00e9e apr\u00e8s une longue conversation m\u00ealant plaisir de parler humour, consid\u00e9rations soci\u00e9tales et g\u00e9opolitiques. Autant d\u2019ingr\u00e9dients pr\u00e9sents dans Fatigu\u00e9, un spectacle avec lequel <a href=\"https:\/\/www.laprovence.com\/article\/culture-loisirs\/2873824911935214\/hakim-jemili-en-spectacle-a-saint-martin-de-crau-et-marseille-les-gens-ne-veulent-plus-se-comprendre\" target=\"_blank\" rel=\"noopener\">Hakim Jemili<\/a> tourne depuis bient\u00f4t deux ans et qui \u00e9volue avec les actualit\u00e9s. Ces derni\u00e8res, et particuli\u00e8rement la situation \u00e0 Gaza o\u00f9 les drames se r\u00e9p\u00e8tent chaque jour, laissaient presque sans voix le com\u00e9dien lors de notre \u00e9change cette semaine.<\/p>\n<p>Retrouver l\u2019artiste le 12\u00a0septembre au So Good festival \u00e0 Marseille n\u2019\u00e9tonnera pas les amateurs de l\u2019\u00e9v\u00e9nement, qui revendique ses valeurs humanistes. Le show et la rencontre pr\u00e9vue avec la jeunesse locale \u00ab\u00a0donnent le sourire\u00a0\u00bb en avance \u00e0 Hakim Jemili. Le grand public l&rsquo;a retrouv\u00e9 au cin\u00e9ma en cette semaine de rentr\u00e9e avec le premier r\u00f4le du film Adieu Jean-Pat. ll confirme d&rsquo;ailleurs en ce moment son go\u00fbt pour le grand \u00e9cran puisqu&rsquo;on le retrouvera le 10\u00a0d\u00e9cembre prochain dans Chasse gard\u00e9e 2.<\/p>\n<p><strong>Vous retrouvez Marseille pour le <a href=\"https:\/\/www.laprovence.com\/article\/sortie-loisirs\/17085407014906\/debats-performances-concerts-le-so-good-maif-festival-revient-a-marseille\" target=\"_blank\" rel=\"noopener\">So Good festival<\/a>, o\u00f9 vous serez pr\u00e9sent pour la premi\u00e8re fois\u2026<\/strong>&#13;\n<\/p>\n<p>Je suis toujours ravi de venir \u00e0 Marseille, et en plus ce festival a des id\u00e9es qui font \u00e9cho aux miennes. Je vais participer \u00e0 un \u00e9change avec &#8230;<\/p>\n","protected":false},"excerpt":{"rendered":"On l\u2019avait quitt\u00e9 en d\u00e9but d\u2019ann\u00e9e apr\u00e8s une longue conversation m\u00ealant plaisir de parler humour, consid\u00e9rations soci\u00e9tales et&hellip;\n","protected":false},"author":2,"featured_media":370810,"comment_status":"","ping_status":"","sticky":false,"template":"","format":"standard","meta":{"footnotes":""},"categories":[2814],"tags":[17,1111,11,50495,251,1777,674,1011,27,48237,50494,884,12,882,25,3140,3758,467],"class_list":{"0":"post-370809","1":"post","2":"type-post","3":"status-publish","4":"format-standard","5":"has-post-thumbnail","7":"category-marseille","8":"tag-17","9":"tag-actu","10":"tag-actualites","11":"tag-balneaire","12":"tag-culture","13":"tag-eu","14":"tag-europe","15":"tag-fr","16":"tag-france","17":"tag-hakim","18":"tag-jemili","19":"tag-marseille","20":"tag-news","21":"tag-provence-alpes-cote-dazur","22":"tag-republique-francaise","23":"tag-spectacle","24":"tag-station","25":"tag-trump"},"share_on_mastodon":{"url":"https:\/\/pubeurope.com\/@fr\/115157847512739557","error":""},"_links":{"self":[{"href":"https:\/\/www.europesays.com\/fr\/wp-json\/wp\/v2\/posts\/370809","targetHints":{"allow":["GET"]}}],"collection":[{"href":"https:\/\/www.europesays.com\/fr\/wp-json\/wp\/v2\/posts"}],"about":[{"href":"https:\/\/www.europesays.com\/fr\/wp-json\/wp\/v2\/types\/post"}],"author":[{"embeddable":true,"href":"https:\/\/www.europesays.com\/fr\/wp-json\/wp\/v2\/users\/2"}],"replies":[{"embeddable":true,"href":"https:\/\/www.europesays.com\/fr\/wp-json\/wp\/v2\/comments?post=370809"}],"version-history":[{"count":0,"href":"https:\/\/www.europesays.com\/fr\/wp-json\/wp\/v2\/posts\/370809\/revisions"}],"wp:featuredmedia":[{"embeddable":true,"href":"https:\/\/www.europesays.com\/fr\/wp-json\/wp\/v2\/media\/370810"}],"wp:attachment":[{"href":"https:\/\/www.europesays.com\/fr\/wp-json\/wp\/v2\/media?parent=370809"}],"wp:term":[{"taxonomy":"category","embeddable":true,"href":"https:\/\/www.europesays.com\/fr\/wp-json\/wp\/v2\/categories?post=370809"},{"taxonomy":"post_tag","embeddable":true,"href":"https:\/\/www.europesays.com\/fr\/wp-json\/wp\/v2\/tags?post=370809"}],"curies":[{"name":"wp","href":"https:\/\/api.w.org\/{rel}","templated":true}]}}