{"id":370815,"date":"2025-09-06T14:36:19","date_gmt":"2025-09-06T14:36:19","guid":{"rendered":"https:\/\/www.europesays.com\/fr\/370815\/"},"modified":"2025-09-06T14:36:19","modified_gmt":"2025-09-06T14:36:19","slug":"municipales-2026-jean-michel-aulas-candidat-a-la-mairie-de-lyon-mais-sans-lacher-la-fff","status":"publish","type":"post","link":"https:\/\/www.europesays.com\/fr\/370815\/","title":{"rendered":"Municipales 2026. Jean-Michel Aulas candidat \u00e0 la mairie de Lyon\u2026 mais sans l\u00e2cher la FFF"},"content":{"rendered":"<p>Alors qu\u2019il s\u2019appr\u00eate \u00e0 officialiser sa candidature \u00e0 la mairie de Lyon, <a href=\"https:\/\/www.leprogres.fr\/p\/jean-michel-aulas\" target=\"_blank\" rel=\"noopener\">Jean-Michel Aulas<\/a>, ancien pr\u00e9sident de l\u2019OL, affirme ne pas vouloir renoncer \u00e0 ses responsabilit\u00e9s au sein de la F\u00e9d\u00e9ration fran\u00e7aise de football (FFF).<\/p>\n<p><a href=\"https:\/\/www.leprogres.fr\/politique\/2025\/09\/04\/aulas-candidat-a-lyon-je-vais-me-lancer-dans-l-aventure\" target=\"_blank\" rel=\"noopener\">Soutenu par Les R\u00e9publicains<\/a> apr\u00e8s le retrait de <a href=\"https:\/\/www.leprogres.fr\/p\/pierre-oliver\" target=\"_blank\" rel=\"noopener\">Pierre Oliver<\/a> en sa faveur, il a confirm\u00e9 ce jeudi 4\u00a0septembre son intention de se lancer dans la campagne municipale.<\/p>\n<p>  \u00ab\u00a0\u00c9lu ou pas \u00e9lu, je tiens \u00e0 garder mes fonctions\u00a0\u00bb<\/p>\n<p>\u00ab\u00a0J\u2019ai pos\u00e9 les questions au directeur g\u00e9n\u00e9ral (Jean-Fran\u00e7ois Villotte) pour savoir s\u2019il y avait des incompatibilit\u00e9s. Ce n\u2019est pas le cas. \u00c9lu ou pas \u00e9lu, je tiens \u00e0 garder mes fonctions \u00e0 la FFF, comme vice-pr\u00e9sident et avec la responsabilit\u00e9 du football f\u00e9minin que je ne vais la l\u00e2cher en plein redressement sur un programme de cinq ans\u00a0\u00bb, a-t-il d\u00e9clar\u00e9 dans <a href=\"https:\/\/www.lequipe.fr\/Football\/Actualites\/-elu-ou-pas-je-tiens-a-garder-mes-fonctions-a-la-fff-jean-michel-aulas-assure-qu-il-conservera-ses-mandats-s-il-devient-maire-de-lyon\/1590991\" target=\"_blank\" rel=\"noopener\"> l\u2018\u00c9quipe<\/a>.<\/p>\n<p>Lundi prochain, l\u2019ancien patron de l\u2019OL participera \u00e0 une r\u00e9union \u00e0 la FFF. Il compte interroger une nouvelle fois ses coll\u00e8gues\u00a0: \u00ab\u00a0Lundi, nous avons un comex sp\u00e9cial sur le bilan de la premi\u00e8re ann\u00e9e et voir \u00e9ventuellement ce qu\u2019il faut am\u00e9liorer, poursuit-il. Je vais reposer la question d\u2019entr\u00e9e. Il y aura tout le monde. On verra si cela g\u00eane quelqu\u2019un. Mais je le r\u00e9p\u00e8te, il n\u2019y a pas d\u2019incompatibilit\u00e9.\u00a0\u00bb<\/p>\n<p>Confiant,\u00a0Jean-Michel Aulas\u00a0est d\u00e9sormais sur le point d\u2019officialiser sa candidature \u00e0 la mairie de Lyon.<\/p>\n","protected":false},"excerpt":{"rendered":"Alors qu\u2019il s\u2019appr\u00eate \u00e0 officialiser sa candidature \u00e0 la mairie de Lyon, Jean-Michel Aulas, ancien pr\u00e9sident de l\u2019OL,&hellip;\n","protected":false},"author":2,"featured_media":370816,"comment_status":"","ping_status":"","sticky":false,"template":"","format":"standard","meta":{"footnotes":""},"categories":[1889],"tags":[1111,11,2430,2757,1777,674,107,63,1011,27,6319,2428,2756,12,316,25,2429,517],"class_list":{"0":"post-370815","1":"post","2":"type-post","3":"status-publish","4":"format-standard","5":"has-post-thumbnail","7":"category-lyon","8":"tag-actu","9":"tag-actualites","10":"tag-auvergne-rhone-alpes","11":"tag-edition-lyon-villeurbanne","12":"tag-eu","13":"tag-europe","14":"tag-fil-info","15":"tag-football","16":"tag-fr","17":"tag-france","18":"tag-les-republicains","19":"tag-lyon","20":"tag-lyon-bassin","21":"tag-news","22":"tag-politique","23":"tag-republique-francaise","24":"tag-rhone","25":"tag-sport"},"share_on_mastodon":{"url":"https:\/\/pubeurope.com\/@fr\/115157859276404001","error":""},"_links":{"self":[{"href":"https:\/\/www.europesays.com\/fr\/wp-json\/wp\/v2\/posts\/370815","targetHints":{"allow":["GET"]}}],"collection":[{"href":"https:\/\/www.europesays.com\/fr\/wp-json\/wp\/v2\/posts"}],"about":[{"href":"https:\/\/www.europesays.com\/fr\/wp-json\/wp\/v2\/types\/post"}],"author":[{"embeddable":true,"href":"https:\/\/www.europesays.com\/fr\/wp-json\/wp\/v2\/users\/2"}],"replies":[{"embeddable":true,"href":"https:\/\/www.europesays.com\/fr\/wp-json\/wp\/v2\/comments?post=370815"}],"version-history":[{"count":0,"href":"https:\/\/www.europesays.com\/fr\/wp-json\/wp\/v2\/posts\/370815\/revisions"}],"wp:featuredmedia":[{"embeddable":true,"href":"https:\/\/www.europesays.com\/fr\/wp-json\/wp\/v2\/media\/370816"}],"wp:attachment":[{"href":"https:\/\/www.europesays.com\/fr\/wp-json\/wp\/v2\/media?parent=370815"}],"wp:term":[{"taxonomy":"category","embeddable":true,"href":"https:\/\/www.europesays.com\/fr\/wp-json\/wp\/v2\/categories?post=370815"},{"taxonomy":"post_tag","embeddable":true,"href":"https:\/\/www.europesays.com\/fr\/wp-json\/wp\/v2\/tags?post=370815"}],"curies":[{"name":"wp","href":"https:\/\/api.w.org\/{rel}","templated":true}]}}