{"id":370817,"date":"2025-09-06T14:37:13","date_gmt":"2025-09-06T14:37:13","guid":{"rendered":"https:\/\/www.europesays.com\/fr\/370817\/"},"modified":"2025-09-06T14:37:13","modified_gmt":"2025-09-06T14:37:13","slug":"quels-sont-les-travaux-et-interruptions-de-trafic-a-prevoir-en-2025","status":"publish","type":"post","link":"https:\/\/www.europesays.com\/fr\/370817\/","title":{"rendered":"quels sont les travaux et interruptions de trafic \u00e0 pr\u00e9voir en 2025 ?"},"content":{"rendered":"<p>La poursuite des chantiers de modernisation du r\u00e9seau RATP va conduire \u00e0 des fermetures de plusieurs lignes de m\u00e9tro, de RER et de tram pour un temps plus ou moins long, cette ann\u00e9e. Le Figaro fait le point.<\/p>\n<p class=\"fig-paragraph\">Nouvelle ann\u00e9e, nouvelle liste de travaux dans les transports franciliens. En 2025,\u00a0<a href=\"http:\/\/www.lefigaro.fr\/conjoncture\/nouveaux-tarifs-renforcement-de-l-offre-a-quelles-nouveautes-s-attendre-dans-les-transports-franciliens-en-2025-20250101\" data-fig-type=\"NewsFlash\" data-gtm-custom-categorie=\"navigation\" data-gtm-custom-action=\"crossclick\" data-gtm-custom-label=\"Contextuel\" data-gtm-event=\"customEventSPE\" data-fig-domain=\"LEFIGARO\" rel=\"nofollow noopener\" target=\"_blank\">la modernisation du r\u00e9seau<\/a>\u00a0de la RATP se poursuit, pour entretenir les voies mais aussi pour accueillir de nouveaux \u00e9quipements et mat\u00e9riels roulants. Objectif\u00a0: moderniser les infrastructures de transports et en am\u00e9liorer le confort et la r\u00e9gularit\u00e9, au profit des usagers. Ces chantiers ne pourront se r\u00e9aliser sans cons\u00e9quences plus ou moins lourdes sur le trafic\u00a0: de premi\u00e8res interruptions temporaires de trafic (ITC) auront ainsi lieu d\u00e8s ce week-end sur la ligne 9, puis le week-end suivant sur la ligne 6, par exemple. Voici le d\u00e9tail des principales fermetures.<\/p>\n<p>Ligne 6<\/p>\n<p class=\"fig-paragraph\">Sur la ligne 6, qui relie Charles de Gaulle-\u00c9toile \u00e0 Nation, les fermetures ont d\u00e9but\u00e9 d\u00e8s le d\u00e9but du mois de janvier, et se poursuivront jusqu\u2019\u00e0 l\u2019\u00e9t\u00e9. Des fermetures en soir\u00e9e sont ainsi \u00e0 pr\u00e9voir du 20 janvier jusqu\u2019au 12 f\u00e9vrier, \u00e0 partir de 22h tous <strong>les lundis, mardis et mercredis<\/strong>. La ligne sera int\u00e9gralement ferm\u00e9e les <strong>dimanches 26 janvier et 15 juin<\/strong>.<\/p>\n<p>                                    <a class=\"fig-a11y-skip a11y-hidden\" href=\"#fig-a11y-skip-main-inarticle\"><br \/>\n        Passer la publicit\u00e9<br \/>\n    <\/a><\/p>\n<p class=\"fig-paragraph\">Ensuite, d\u2019autres fermetures auront lieu, mais uniquement sur une partie de la ligne\u00a0: <strong>du 17 au 28 f\u00e9vrier<\/strong>, entre les stations Charles de Gaulle-\u00c9toile et La Motte Picquet-Grenelle, <strong>les 12, 13 avril et 18 mai<\/strong> entre les stations Daumesnil et Nation et <strong>les 26, 27 avril et 25 mai<\/strong> entre les stations Charles de Gaulle-\u00c9toile et Trocad\u00e9ro.<\/p>\n<p class=\"fig-paragraph\">Ces interruptions doivent permettre d\u2019accueillir bient\u00f4t des trains nouvelle g\u00e9n\u00e9ration MP89. De quoi n\u00e9cessiter la \u00abmodification des installations de signalisation ferroviaires\u00bb autour des terminus ainsi que \u00abdes essais en ligne du nouveau syst\u00e8me de pilotage des trains\u00bb.<\/p>\n<p><strong>Ligne 9<\/strong><\/p>\n<p class=\"fig-paragraph\">Plusieurs op\u00e9rations n\u00e9cessitent une fermeture totale de la ligne 9 entre Pont de S\u00e8vres et Mairie de Montreuil, toute la journ\u00e9e, pendant au moins 5 dimanches jusqu\u2019au printemps\u00a0: les <strong>19 janvier, 2 f\u00e9vrier, 16 f\u00e9vrier, 9 mars et 30 mars<\/strong>. La RATP a d\u2019ores et d\u00e9j\u00e0 pr\u00e9venu que de nouvelles dates seront \u00ab\u00e0 pr\u00e9voir en 2025\u00bb.<\/p>\n<p class=\"fig-paragraph\">Pour l\u2019op\u00e9rateur, il s\u2019agit de proc\u00e9der \u00ab\u00e0 des essais sur l\u2019optimisation du pilotage des trains\u00bb, dans le cadre \u00abde l\u2019am\u00e9lioration des syst\u00e8mes d\u2019exploitation de la ligne 9\u00bb. Des bus de substitution seront\u00a0mis en place.<\/p>\n<p><strong>Ligne 14<\/strong><\/p>\n<p class=\"fig-paragraph\">Prolong\u00e9e juste \u00e0 temps pour les Jeux olympiques, la ligne 14 du m\u00e9tro parisien\u00a0<a href=\"http:\/\/www.lefigaro.fr\/conjoncture\/transports-en-ile-de-france-de-nombreuses-fermetures-a-prevoir-sur-la-ligne-14-jusqu-au-mois-d-aout-20241125\" data-fig-type=\"NewsFlash\" data-gtm-custom-categorie=\"navigation\" data-gtm-custom-action=\"crossclick\" data-gtm-custom-label=\"Contextuel\" data-gtm-event=\"customEventSPE\" data-fig-domain=\"LEFIGARO\" rel=\"nofollow noopener\" target=\"_blank\">va encore subir des fermetures\u00a0<\/a>jusqu\u2019en ao\u00fbt. Il faudra ainsi compter pas moins de 15 jours de fermeture compl\u00e8te de la ligne, <strong>les 25 et 26 janvier, le 9 f\u00e9vrier, le 16 mars, les 5 et 6 avril, les 30 et 31 mai, les 15 et 29 juin<\/strong>, puis <strong>du 4 au 8 ao\u00fbt inclus<\/strong>.<\/p>\n<p>                                    <a class=\"fig-a11y-skip a11y-hidden\" href=\"#fig-a11y-skip-main-inarticle_mtf\"><br \/>\n        Passer la publicit\u00e9<br \/>\n    <\/a><\/p>\n<p class=\"fig-paragraph\">De surcro\u00eet, la ligne 14 sera \u00e9galement indisponible \u00e0 partir de 22h sur toute sa longueur <strong>tous les mercredis jusqu\u2019au 23 juillet inclus<\/strong>, sauf les mercredis 30 avril, 7 et 28 mai et 30 juillet. D\u2019autres fermetures \u00e0 partir de 22h auront lieu les mardis et mercredis, mais uniquement entre Saint-Denis Pleyel et Maison Blanche.<\/p>\n<p class=\"fig-paragraph\">Ces interruptions participent \u00e0 la modernisation compl\u00e8te de la ligne 14, alors que, selon la RATP, le syst\u00e8me de pilotage de la ligne 14 \u00abn\u00e9cessite encore des travaux et des essais\u00bb. Pour \u00abdes raisons techniques\u00bb ainsi que pour la s\u00e9curit\u00e9 des usagers, ces tests \u00abdoivent \u00eatre r\u00e9alis\u00e9s en dehors des circulations avec voyageurs\u00bb, et \u00abimposent donc des interruptions\u00bb.<\/p>\n<p class=\"fig-body-link\">\n            \u00c0 lire aussi<br \/>\n        <a class=\"fig-body-link__link\" href=\"http:\/\/www.lefigaro.fr\/conjoncture\/transports-en-ile-de-france-de-nombreuses-fermetures-a-prevoir-sur-la-ligne-14-jusqu-au-mois-d-aout-20241125\" data-fig-type=\"NewsFlash\" data-gtm-custom-categorie=\"navigation\" data-gtm-custom-action=\"crossclick\" data-gtm-custom-label=\"Contextuel\" data-gtm-event=\"customEventSPE\" data-fig-domain=\"LEFIGARO\" rel=\"nofollow noopener\" target=\"_blank\">Transports en \u00cele-de-France\u00a0: de nombreuses fermetures \u00e0 pr\u00e9voir sur la ligne 14 jusqu\u2019au mois d\u2019ao\u00fbt<br \/>\n    <\/a>\n<\/p>\n<p><strong>Tram T1<\/strong><\/p>\n<p class=\"fig-paragraph\">Plus ancienne ligne du r\u00e9seau, le tram 1 est \u00e9galement concern\u00e9 par des travaux de modernisation ainsi que par des travaux de prolongement. D\u2019abord, la station H\u00f4tel de Ville de La Courneuve sera ferm\u00e9e au public <strong>jusqu\u2019au 28 janvier inclus<\/strong>. En parall\u00e8le, la circulation est interrompue\u00a0entre les stations Escadrille Normandie-Niemen et Gare de Noisy-le-Sec, <strong>du dimanche 29 septembre 2024 au lundi 31 mars 2025 inclus<\/strong>.<\/p>\n<p class=\"fig-paragraph\">Commenc\u00e9s en 2020, ces travaux visent \u00ab\u00e0 r\u00e9pondre aux difficult\u00e9s de trafic dont souffre la ligne\u00bb, \u00abanticiper les prochains prolongements pr\u00e9vus vers Rueil-Malmaison \u00e0 l\u2019ouest et vers Fontenay-sous-Bois \u00e0 l\u2019est\u00bb, et \u00abpr\u00e9parer le renouvellement des rames du T1\u00bb. Depuis le 10 d\u00e9cembre dernier, de nouvelles rames TW20 circulent sur le T1. Elles doivent am\u00e9liorer le confort des voyageurs et la fr\u00e9quence des lignes.<\/p>\n<p><strong>RER A<\/strong>\u00a0<\/p>\n<p class=\"fig-paragraph\">Particuli\u00e8rement fr\u00e9quent\u00e9, le RER A doit subir d\u2019importants travaux de modernisation. Pour les r\u00e9aliser, le trafic sera int\u00e9gralement interrompu en soir\u00e9e <strong>du 20 au 24 janvier inclus et du 27 au 31 janvier inclus <\/strong>entre Sartrouville et Cergy-Le Haut \/ Poissy, \u00e0 partir de 22h15. La ligne fermera \u00e0 nouveau <strong>du 25 au 26 janvier 2025 <\/strong>entre Maisons-Laffitte et Poissy, \u00e0 partir de 22h30.<\/p>\n<p>                                    <a class=\"fig-a11y-skip a11y-hidden\" href=\"#fig-a11y-skip-main-inarticle_btf\"><br \/>\n        Passer la publicit\u00e9<br \/>\n    <\/a><\/p>\n<p><strong>RER B<\/strong><\/p>\n<p class=\"fig-paragraph\">Le RER B va \u00e9galement \u00eatre modernis\u00e9. <strong>Jusqu\u2019au mercredi 30 avril<\/strong>, le trafic sera ainsi interrompu dans les deux sens de circulation entre la Gare du Nord et l\u2019a\u00e9roport Charles de Gaulle 2-TGV \/ Mitry-Claye, <strong>du lundi au vendredi, \u00e0 partir de 22h45 jusqu\u2019\u00e0 la fin du service<\/strong>. Except\u00e9 les 14, 17, 21 et 24 f\u00e9vrier.<\/p>\n<p class=\"fig-paragraph\">M\u00eame chose les jours de semaine <strong>du lundi 24 mars au vendredi 25 avril<\/strong>, entre Ch\u00e2telet\u2013Les Halles et l\u2019a\u00e9roport Charles de Gaulle 2-TGV \/ Mitry-Claye, except\u00e9 les 18 et 21 avril. Et encore <strong>du lundi 5 mai au mercredi 28 mai<\/strong>, entre Denfert-Rochereau et l\u2019a\u00e9roport Charles de Gaulle 2-TGV \/ Mitry-Claye, sauf le 8 mai.<\/p>\n<p class=\"fig-paragraph\">Par ailleurs, plusieurs ITC auront lieu de journ\u00e9e, sur tout ou partie de la ligne, notamment entre Le Bourget et Aulnay-sous-Bois, <strong>les week-ends du 11 et 12 janvier, 25 et 26 janvier et le dimanche 9 f\u00e9vrier 2025<\/strong>. Les fermetures auront aussi lieu entre Gare du Nord et Aulnay-sous-Bois <strong>le week-end du 8 et 9 mars<\/strong>, ainsi qu\u2019entre Aulnay-sous-Bois et A\u00e9roport Charles de Gaulle 2-TGV <strong>le samedi 29 mars, du 19 au 21 avril et les 3 et 4 mai<\/strong>. Mais aussi entre Denfert-Rochereau et La Croix de Berny\/ Robinson, <strong>le week-end du 22 et 23 mars.<\/strong><\/p>\n<p class=\"fig-paragraph\">Attention, ces travaux entra\u00eeneront \u00abune rupture de l\u2019interconnexion du RER B \u00e0 Gare du Nord\u00bb, <strong>du vendredi 14 au lundi 17 f\u00e9vrier, du vendredi 21 au lundi 24 f\u00e9vrier, du samedi 29 au dimanche 30 mars et du samedi 19 au lundi 21 avril<\/strong>.<\/p>\n","protected":false},"excerpt":{"rendered":"La poursuite des chantiers de modernisation du r\u00e9seau RATP va conduire \u00e0 des fermetures de plusieurs lignes de&hellip;\n","protected":false},"author":2,"featured_media":370818,"comment_status":"","ping_status":"","sticky":false,"template":"","format":"standard","meta":{"footnotes":""},"categories":[1592],"tags":[1111,11,33,1777,674,1011,27,662,12,626,25,2216],"class_list":{"0":"post-370817","1":"post","2":"type-post","3":"status-publish","4":"format-standard","5":"has-post-thumbnail","7":"category-ile-de-france","8":"tag-actu","9":"tag-actualites","10":"tag-economie","11":"tag-eu","12":"tag-europe","13":"tag-fr","14":"tag-france","15":"tag-ile-de-france","16":"tag-news","17":"tag-paris","18":"tag-republique-francaise","19":"tag-transports-en-commun"},"share_on_mastodon":{"url":"https:\/\/pubeurope.com\/@fr\/115157863544747773","error":""},"_links":{"self":[{"href":"https:\/\/www.europesays.com\/fr\/wp-json\/wp\/v2\/posts\/370817","targetHints":{"allow":["GET"]}}],"collection":[{"href":"https:\/\/www.europesays.com\/fr\/wp-json\/wp\/v2\/posts"}],"about":[{"href":"https:\/\/www.europesays.com\/fr\/wp-json\/wp\/v2\/types\/post"}],"author":[{"embeddable":true,"href":"https:\/\/www.europesays.com\/fr\/wp-json\/wp\/v2\/users\/2"}],"replies":[{"embeddable":true,"href":"https:\/\/www.europesays.com\/fr\/wp-json\/wp\/v2\/comments?post=370817"}],"version-history":[{"count":0,"href":"https:\/\/www.europesays.com\/fr\/wp-json\/wp\/v2\/posts\/370817\/revisions"}],"wp:featuredmedia":[{"embeddable":true,"href":"https:\/\/www.europesays.com\/fr\/wp-json\/wp\/v2\/media\/370818"}],"wp:attachment":[{"href":"https:\/\/www.europesays.com\/fr\/wp-json\/wp\/v2\/media?parent=370817"}],"wp:term":[{"taxonomy":"category","embeddable":true,"href":"https:\/\/www.europesays.com\/fr\/wp-json\/wp\/v2\/categories?post=370817"},{"taxonomy":"post_tag","embeddable":true,"href":"https:\/\/www.europesays.com\/fr\/wp-json\/wp\/v2\/tags?post=370817"}],"curies":[{"name":"wp","href":"https:\/\/api.w.org\/{rel}","templated":true}]}}