{"id":370819,"date":"2025-09-06T14:38:14","date_gmt":"2025-09-06T14:38:14","guid":{"rendered":"https:\/\/www.europesays.com\/fr\/370819\/"},"modified":"2025-09-06T14:38:14","modified_gmt":"2025-09-06T14:38:14","slug":"geoffroy-didier-linstabilite-politique-pourrait-durer-jusquen-2027","status":"publish","type":"post","link":"https:\/\/www.europesays.com\/fr\/370819\/","title":{"rendered":"Geoffroy Didier\u00a0: \u00ab\u00a0L&rsquo;instabilit\u00e9 politique pourrait durer jusqu&rsquo;en 2027\u00a0\u00bb"},"content":{"rendered":"<p>\n                                                Alors que le gouvernement de Fran\u00e7ois Bayrou s&rsquo;appr\u00eate \u00e0 affronter un vote de censure, Geoffroy Didier, pr\u00e9sident d\u00e9l\u00e9gu\u00e9 de la r\u00e9gion \u00cele-de-France et vice-pr\u00e9sident des R\u00e9publicains, se montre pessimiste sur la capacit\u00e9 de la France \u00e0 sortir rapidement de l&rsquo;instabilit\u00e9 politique actuelle. Il r\u00e9pond aux questions de Fr\u00e9d\u00e9ric Rivi\u00e8re dans\u00a0L\u2019Atelier politique.                    <\/p>\n<p>                                                                <strong>Une instabilit\u00e9 qui pourrait perdurer<\/strong> <\/p>\n<p>\u00ab\u00a0Malheureusement, je crains que cela dure jusqu&rsquo;\u00e0\u00a02027\u00a0\u00bb, confie Geoffroy Didier lorsqu&rsquo;on l&rsquo;interroge sur la dur\u00e9e de l&rsquo;instabilit\u00e9 politique fran\u00e7aise. Selon lui, jusqu&rsquo;\u00e0 l&rsquo;\u00e9lection pr\u00e9sidentielle, \u00ab\u00a0nous n&rsquo;aurons pas la possibilit\u00e9 de r\u00e9former structurellement la France alors qu&rsquo;il y a des urgences\u00a0\u00bb.<\/p>\n<p>L&rsquo;\u00e9lu r\u00e9publicain pointe du doigt l&rsquo;explosion de la dette publique, rappelant que \u00ab\u00a0pendant la dur\u00e9e de l&rsquo;\u00e9mission, la dette publique aura augment\u00e9 de 10\u00a0millions d&rsquo;euros\u00a0\u00bb. Il reconna\u00eet le m\u00e9rite de <strong><a target=\"_self\" href=\"https:\/\/www.rfi.fr\/fr\/tag\/fran\u00e7ois-bayrou\/\" class=\"gtm-add-suggested-tag\" rel=\"nofollow noopener\">Fran\u00e7ois Bayrou<\/a><\/strong> d&rsquo;avoir sensibilis\u00e9 l&rsquo;opinion sur ce sujet, tout en soulignant le paradoxe\u00a0: \u00ab\u00a0Il a lui-m\u00eame activement soutenu <strong><a target=\"_self\" href=\"https:\/\/www.rfi.fr\/fr\/tag\/emmanuel-macron\/\" class=\"gtm-add-suggested-tag\" rel=\"nofollow noopener\">Emmanuel Macron<\/a><\/strong>, qui a fait exploser la dette de 1\u00a0200\u00a0milliards d&rsquo;euros depuis\u00a02017.\u00a0\u00bb<\/p>\n<p> <strong>Une critique des options budg\u00e9taires<\/strong> <\/p>\n<p>Geoffroy Didier se montre particuli\u00e8rement critique envers les choix budg\u00e9taires du gouvernement Bayrou. Il d\u00e9nonce \u00ab\u00a0ce fanatisme de l&rsquo;imp\u00f4t\u00a0\u00bb et met en garde contre les augmentations fiscales\u00a0: \u00ab\u00a0On dit au d\u00e9part que ce sont les plus riches, mais on sait tr\u00e8s bien comment \u00e7a fonctionne\u00a0: ce sont les plus riches qui partent et donc ce sont les classes moyennes qui trinquent.\u00a0\u00bb<\/p>\n<p>Sur la question des jours f\u00e9ri\u00e9s, l&rsquo;ancien d\u00e9put\u00e9 europ\u00e9en d\u00e9fend une approche diff\u00e9rente\u00a0: \u00ab\u00a0Quand on travaille, on doit \u00eatre gratifi\u00e9 pour ce travail. Donner l&rsquo;impression que pour r\u00e9gler les probl\u00e8mes de la France, il faut que ceux qui travaillent plus en gagnant moins, c&rsquo;est une folie soci\u00e9tale.\u00a0\u00bb<\/p>\n<p class=\"a-read-more\">\u00c0 \u00e9couter aussi<a target=\"_self\" href=\"https:\/\/www.rfi.fr\/fr\/podcasts\/d\u00e9bat-du-jour\/20250903-france-y-a-t-il-un-risque-de-crise-financi\u00e8re\" class=\"a-read-more__link\" rel=\"nofollow noopener\">France\u00a0: y a-t-il un risque de crise financi\u00e8re\u00a0?<\/a><\/p>\n<p> <strong>Face aux mobilisations sociales<\/strong> <\/p>\n<p>Concernant la journ\u00e9e de mobilisation \u00ab\u00a0Bloquons tout\u00a0\u00bb pr\u00e9vue, Geoffroy Didier fait la distinction entre les revendications l\u00e9gitimes et leur r\u00e9cup\u00e9ration politique.\u00a0\u00ab\u00a0J&rsquo;\u00e9coute les col\u00e8res et je crois beaucoup \u00e0 la d\u00e9mocratie sociale. En revanche, bloquer tout n&rsquo;est pas un projet de soci\u00e9t\u00e9\u00a0\u00bb, explique-t-il.<\/p>\n<p>Il pointe particuli\u00e8rement du doigt <strong><a target=\"_self\" href=\"https:\/\/www.rfi.fr\/fr\/tag\/jean-luc-m\u00e9lenchon\/\" class=\"gtm-add-suggested-tag\" rel=\"nofollow noopener\">Jean-Luc M\u00e9lenchon<\/a><\/strong>, qu&rsquo;il qualifie d&rsquo;\u00ab\u00a0homme dangereux pour la France\u00a0\u00bb\u00a0: \u00ab\u00a0Lui tente de combattre dans la rue avec la violence. Moi j&rsquo;ai confiance dans les institutions et dans la d\u00e9mocratie.\u00a0\u00bb<\/p>\n<p class=\"a-read-more\">\u00c0 lire aussi<a target=\"_self\" href=\"https:\/\/www.rfi.fr\/fr\/france\/20250827-10-septembre-des-r\u00e9seaux-sociaux-aux-actions-regards-crois\u00e9s-sur-un-mouvement-en-gestation\" class=\"a-read-more__link\" rel=\"nofollow noopener\">\u00ab10 septembre\u00bb: des r\u00e9seaux sociaux aux actions, regards crois\u00e9s sur un mouvement en gestation<\/a><\/p>\n<p> <strong>Un d\u00e9litement des valeurs inqui\u00e9tant<\/strong> <\/p>\n<p>Au-del\u00e0 de la crise politique, c&rsquo;est le d\u00e9litement social qui pr\u00e9occupe le plus l&rsquo;\u00e9lu francilien. \u00ab\u00a0Ce que je crains, c&rsquo;est qu&rsquo;il n&rsquo;y ait plus de coh\u00e9sion entre chacun\u00a0\u00bb, confie-t-il, citant l&rsquo;exemple des biens squatt\u00e9s o\u00f9 certains Fran\u00e7ais \u00ab\u00a0se font justice eux-m\u00eames\u00a0\u00bb.<\/p>\n<p>\u00ab\u00a0Aujourd&rsquo;hui, on ne respecte m\u00eame plus les personnes \u00e2g\u00e9es. On est pr\u00eat \u00e0 se battre dans la rue pour une place de parking\u00a0\u00bb, d\u00e9plore-t-il, appelant \u00e0 un \u00ab\u00a0sursaut collectif de valeurs fondamentales\u00a0\u00bb.<\/p>\n<p> <strong>L&rsquo;Europe : entre opportunit\u00e9s et d\u00e9rives<\/strong> <\/p>\n<p>Sur la sc\u00e8ne europ\u00e9enne, Geoffroy Didier adopte une position nuanc\u00e9e. Ancien rapporteur de la premi\u00e8re r\u00e9gulation mondiale des r\u00e9seaux sociaux (Digital Services Act), il d\u00e9fend l&rsquo;action europ\u00e9enne quand elle est efficace face aux g\u00e9ants du num\u00e9rique.<\/p>\n<p>Cependant, il critique vertement l&rsquo;accord <a target=\"_self\" href=\"https:\/\/www.rfi.fr\/fr\/tag\/mercosur\/\" rel=\"nofollow noopener\"><strong>Mercosur<\/strong><\/a>\u00a0: \u00ab\u00a0\u200b\u200b\u200b\u200b\u200b\u200b\u200bComment voulez-vous que les agriculteurs ne soient pas en col\u00e8re quand on permet \u00e0 des agriculteurs d&rsquo;Am\u00e9rique latine d&rsquo;importer des produits qui ne respectent pas les normes que nous nous imposons\u00a0?\u00a0\u00bb<\/p>\n<p> <strong>Les d\u00e9fis g\u00e9opolitiques<\/strong> <\/p>\n<p>Face aux menaces internationales, l&rsquo;\u00e9lu r\u00e9publicain pr\u00f4ne une Europe forte et arm\u00e9e. Concernant la <strong><a target=\"_self\" href=\"https:\/\/www.rfi.fr\/fr\/tag\/russie\/\" class=\"gtm-add-suggested-tag\" rel=\"nofollow noopener\">Russie<\/a><\/strong>, il affirme que \u00ab\u00a0<strong><a target=\"_self\" href=\"https:\/\/www.rfi.fr\/fr\/tag\/vladimir-poutine\/\" class=\"gtm-add-suggested-tag\" rel=\"nofollow noopener\">Vladimir Poutine<\/a><\/strong> et les siens sont une menace effective\u00a0\u00bb, rappelant que \u00ab\u00a0\u200b\u200b\u200b\u200b\u200b\u200b\u200bles bombes sont \u00e0 1\u00a0500\u00a0kilom\u00e8tres de Strasbourg\u00a0\u00bb.<\/p>\n<p>Sur la <strong><a target=\"_self\" href=\"https:\/\/www.rfi.fr\/fr\/tag\/chine\/\" class=\"gtm-add-suggested-tag\" rel=\"nofollow noopener\">Chine<\/a><\/strong>, il adopte une approche pragmatique\u00a0: \u00ab\u00a0\u200b\u200b\u200b\u200b\u200b\u200b\u200bInscrivons-nous dans ce rapport de force, faisons-nous respecter, pas de mani\u00e8re ubuesque comme le fait <strong><a target=\"_self\" href=\"https:\/\/www.rfi.fr\/fr\/tag\/donald-trump\/\" class=\"gtm-add-suggested-tag\" rel=\"nofollow noopener\">Donald Trump<\/a><\/strong>, mais agissons en Europe pour devenir un acteur respect\u00e9.\u00a0\u00bb<\/p>\n<p> <strong>L&rsquo;Allemagne et le r\u00e9armement europ\u00e9en<\/strong> <\/p>\n<p>Concernant l&rsquo;ambition allemande de disposer de \u00ab\u00a0\u200b\u200b\u200b\u200b\u200b\u200b\u200bl&rsquo;arm\u00e9e la plus puissante d&rsquo;Europe\u00a0\u00bb, Geoffroy Didier se montre mesur\u00e9\u00a0: \u00ab\u00a0Je ne veux pas en vouloir aux Allemands de se r\u00e9armer parce qu&rsquo;ils ont compris que le monde \u00e9tait devenu dangereux.\u00a0\u00bb Il appelle plut\u00f4t la France \u00e0 se r\u00e9armer \u00e9galement, \u00ab\u00a0\u200b\u200b\u200b\u200b\u200b\u200b\u200bnon pas pour cr\u00e9er un rapport de force avec l&rsquo;<strong><a target=\"_self\" href=\"https:\/\/www.rfi.fr\/fr\/tag\/allemagne\/\" class=\"gtm-add-suggested-tag\" rel=\"nofollow noopener\">Allemagne<\/a><\/strong>, mais pour se faire respecter\u00a0\u00bb.<\/p>\n<p> <strong>Un avenir collectif n\u00e9cessaire<\/strong> <\/p>\n<p>Malgr\u00e9 ce tableau sombre, l&rsquo;\u00e9lu refuse le fatalisme\u00a0: \u00ab\u00a0\u200b\u200b\u200b\u200b\u200b\u200b\u200bJe n&rsquo;ai pas envie de me dire que la France se saborde parce que dans ce cas-l\u00e0, je rends mon tablier.\u00a0\u00bb Il mise sur une solution collective plut\u00f4t qu&rsquo;individuelle\u00a0: \u00ab\u00a0L&rsquo;ambition sera collective, elle ne sera pas seulement unipersonnelle. Il faudra une \u00e9quipe de France et pas seulement un capitaine.\u00a0\u00bb<\/p>\n","protected":false},"excerpt":{"rendered":"Alors que le gouvernement de Fran\u00e7ois Bayrou s&rsquo;appr\u00eate \u00e0 affronter un vote de censure, Geoffroy Didier, pr\u00e9sident d\u00e9l\u00e9gu\u00e9&hellip;\n","protected":false},"author":2,"featured_media":370820,"comment_status":"","ping_status":"","sticky":false,"template":"","format":"standard","meta":{"footnotes":""},"categories":[1592],"tags":[1111,11,1777,674,1011,27,662,50496,12,626,13811,25,364],"class_list":{"0":"post-370819","1":"post","2":"type-post","3":"status-publish","4":"format-standard","5":"has-post-thumbnail","7":"category-ile-de-france","8":"tag-actu","9":"tag-actualites","10":"tag-eu","11":"tag-europe","12":"tag-fr","13":"tag-france","14":"tag-ile-de-france","15":"tag-latelier-politique","16":"tag-news","17":"tag-paris","18":"tag-politique-francaise","19":"tag-republique-francaise","20":"tag-union-europeenne"},"share_on_mastodon":{"url":"https:\/\/pubeurope.com\/@fr\/115157867096591808","error":""},"_links":{"self":[{"href":"https:\/\/www.europesays.com\/fr\/wp-json\/wp\/v2\/posts\/370819","targetHints":{"allow":["GET"]}}],"collection":[{"href":"https:\/\/www.europesays.com\/fr\/wp-json\/wp\/v2\/posts"}],"about":[{"href":"https:\/\/www.europesays.com\/fr\/wp-json\/wp\/v2\/types\/post"}],"author":[{"embeddable":true,"href":"https:\/\/www.europesays.com\/fr\/wp-json\/wp\/v2\/users\/2"}],"replies":[{"embeddable":true,"href":"https:\/\/www.europesays.com\/fr\/wp-json\/wp\/v2\/comments?post=370819"}],"version-history":[{"count":0,"href":"https:\/\/www.europesays.com\/fr\/wp-json\/wp\/v2\/posts\/370819\/revisions"}],"wp:featuredmedia":[{"embeddable":true,"href":"https:\/\/www.europesays.com\/fr\/wp-json\/wp\/v2\/media\/370820"}],"wp:attachment":[{"href":"https:\/\/www.europesays.com\/fr\/wp-json\/wp\/v2\/media?parent=370819"}],"wp:term":[{"taxonomy":"category","embeddable":true,"href":"https:\/\/www.europesays.com\/fr\/wp-json\/wp\/v2\/categories?post=370819"},{"taxonomy":"post_tag","embeddable":true,"href":"https:\/\/www.europesays.com\/fr\/wp-json\/wp\/v2\/tags?post=370819"}],"curies":[{"name":"wp","href":"https:\/\/api.w.org\/{rel}","templated":true}]}}