{"id":370827,"date":"2025-09-06T14:42:21","date_gmt":"2025-09-06T14:42:21","guid":{"rendered":"https:\/\/www.europesays.com\/fr\/370827\/"},"modified":"2025-09-06T14:42:21","modified_gmt":"2025-09-06T14:42:21","slug":"ratp-journee-compliquee-sur-la-ligne-1-du-metro-a-paris-le-trafic-plusieurs-fois-interrompu","status":"publish","type":"post","link":"https:\/\/www.europesays.com\/fr\/370827\/","title":{"rendered":"RATP. Journ\u00e9e compliqu\u00e9e sur la ligne 1 du m\u00e9tro \u00e0 Paris, le trafic plusieurs fois interrompu"},"content":{"rendered":"<p>            Par<br \/>\n        <strong><br \/>\n            <a href=\"https:\/\/actu.fr\/auteur\/redaction-paris\" title=\"Consulter tous les articles de R\u00e9daction Paris\" target=\"_blank\" rel=\"noopener\">R\u00e9daction Paris<\/a><br \/>\n        <\/strong><\/p>\n<p>        Publi\u00e9 le<\/p>\n<p>            6 sept. 2025 \u00e0 16h05        <\/p>\n<p>La circulation est difficile ce samedi 6 septembre sur la tr\u00e8s fr\u00e9quent\u00e9e <a href=\"https:\/\/actu.fr\/ile-de-france\/paris_75056\/l-histoire-du-premier-metro-a-paris_43495914.html\" target=\"_blank\" rel=\"noopener\">ligne 1<\/a> du <a href=\"https:\/\/actu.fr\/tag\/metro\" target=\"_blank\" rel=\"noopener\">m\u00e9tro<\/a> \u00e0 Paris. Les ennuis ont commenc\u00e9 aux environs de 11h20, l\u2019heure \u00e0 laquelle la <a href=\"https:\/\/actu.fr\/tag\/ratp\" target=\"_blank\" rel=\"noopener\">RATP<\/a> a annonc\u00e9 sur X que le trafic \u00e9tait interrompu entre Nation et <a href=\"https:\/\/actu.fr\/tag\/gare-de-lyon\" target=\"_blank\" rel=\"noopener\">Gare de Lyon<\/a> \u00e0 la suite d\u2019un incident affectant les voies \u00e0 Reuilly-Diderot. Celui-ci l\u2019a \u00e9t\u00e9 jusqu\u2019\u00e0 Ch\u00e2telet. Mais, alors que la circulation des rames devait initialement reprendre \u00e0 midi, les usagers sont d\u00e9sormais invit\u00e9s \u00e0 patienter jusqu\u2019\u00e0 16h30.\u00a0<\/p>\n<p class=\" wall-content\">A l\u2019autre bout de la ligne, la situation n\u2019est gu\u00e8re meilleure. La RATP a annonc\u00e9 vers 14h que le trafic \u00e9tait interrompu entre Porte Maillot et La D\u00e9fense pour reprendre vers 16h30. Cela fait suite \u00e0 une panne de signalisation \u00e0 La D\u00e9fense.\u00a0<\/p>\n<p class=\" wall-content\">\n<p class=\" wall-content\">La journ\u00e9e est donc compliqu\u00e9e dans les transports en commun ce samedi. Un <a href=\"https:\/\/actu.fr\/ile-de-france\/choisy-le-roi_94022\/sncf-un-accident-grave-de-voyageur-dans-le-val-de-marne-paralyse-le-rer-c-jusqu-a-paris_63125476.html\" target=\"_blank\" rel=\"noopener\">accident grave de voyageur<\/a> dans le Val-de-Marne paralyse \u00e9galement en partie la circulation du RER C.\u00a0<\/p>\n<p class=\" wall-content\">Personnalisez votre actualit\u00e9 en ajoutant vos villes et m\u00e9dias en favori avec <a href=\"https:\/\/moncompte.actu.fr\" title=\"D\u00e9couvez Mon Actu\" rel=\"nofollow noopener\" data-trk=\"{&quot;cta&quot;:{&quot;action&quot;:&quot;https:\\\/\\\/moncompte.actu.fr&quot;,&quot;category&quot;:&quot;mon compte&quot;,&quot;from&quot;:&quot;article footer&quot;,&quot;name&quot;:&quot;Mon actu&quot;,&quot;type&quot;:&quot;cta&quot;}}\" target=\"_blank\">Mon Actu<\/a>.<\/p>\n","protected":false},"excerpt":{"rendered":"Par R\u00e9daction Paris Publi\u00e9 le 6 sept. 2025 \u00e0 16h05 La circulation est difficile ce samedi 6 septembre&hellip;\n","protected":false},"author":2,"featured_media":370828,"comment_status":"","ping_status":"","sticky":false,"template":"","format":"standard","meta":{"footnotes":""},"categories":[1888],"tags":[11,1777,674,1011,27,4047,12,626,625,25,104],"class_list":{"0":"post-370827","1":"post","2":"type-post","3":"status-publish","4":"format-standard","5":"has-post-thumbnail","7":"category-paris","8":"tag-actualites","9":"tag-eu","10":"tag-europe","11":"tag-fr","12":"tag-france","13":"tag-metro","14":"tag-news","15":"tag-paris","16":"tag-ratp","17":"tag-republique-francaise","18":"tag-societe"},"share_on_mastodon":{"url":"https:\/\/pubeurope.com\/@fr\/115157882884591775","error":""},"_links":{"self":[{"href":"https:\/\/www.europesays.com\/fr\/wp-json\/wp\/v2\/posts\/370827","targetHints":{"allow":["GET"]}}],"collection":[{"href":"https:\/\/www.europesays.com\/fr\/wp-json\/wp\/v2\/posts"}],"about":[{"href":"https:\/\/www.europesays.com\/fr\/wp-json\/wp\/v2\/types\/post"}],"author":[{"embeddable":true,"href":"https:\/\/www.europesays.com\/fr\/wp-json\/wp\/v2\/users\/2"}],"replies":[{"embeddable":true,"href":"https:\/\/www.europesays.com\/fr\/wp-json\/wp\/v2\/comments?post=370827"}],"version-history":[{"count":0,"href":"https:\/\/www.europesays.com\/fr\/wp-json\/wp\/v2\/posts\/370827\/revisions"}],"wp:featuredmedia":[{"embeddable":true,"href":"https:\/\/www.europesays.com\/fr\/wp-json\/wp\/v2\/media\/370828"}],"wp:attachment":[{"href":"https:\/\/www.europesays.com\/fr\/wp-json\/wp\/v2\/media?parent=370827"}],"wp:term":[{"taxonomy":"category","embeddable":true,"href":"https:\/\/www.europesays.com\/fr\/wp-json\/wp\/v2\/categories?post=370827"},{"taxonomy":"post_tag","embeddable":true,"href":"https:\/\/www.europesays.com\/fr\/wp-json\/wp\/v2\/tags?post=370827"}],"curies":[{"name":"wp","href":"https:\/\/api.w.org\/{rel}","templated":true}]}}