{"id":370831,"date":"2025-09-06T14:44:14","date_gmt":"2025-09-06T14:44:14","guid":{"rendered":"https:\/\/www.europesays.com\/fr\/370831\/"},"modified":"2025-09-06T14:44:14","modified_gmt":"2025-09-06T14:44:14","slug":"resurrection-numerique-a-la-chaine-pour-des-soldats-russes-morts-en-ukraine","status":"publish","type":"post","link":"https:\/\/www.europesays.com\/fr\/370831\/","title":{"rendered":"\u00ab\u00a0R\u00e9surrection num\u00e9rique\u00a0\u00bb \u00e0 la cha\u00eene pour des soldats russes morts en Ukraine"},"content":{"rendered":"<p>                         <img loading=\"lazy\" decoding=\"async\" src=\"https:\/\/www.europesays.com\/fr\/wp-content\/uploads\/2025\/09\/c3742ff_upload-1-jh6obo70jubv-capture-da-ei-cran-2025-09-06-ai-00-08-13.png\" alt=\"Captures d\u2019\u00e9cran de vid\u00e9os mettant en sc\u00e8ne des soldats russes morts au combat r\u00e9alis\u00e9es par Anna Korableva.\"   width=\"664\" height=\"443\"\/>    Captures d\u2019\u00e9cran de vid\u00e9os mettant en sc\u00e8ne des soldats russes morts au combat r\u00e9alis\u00e9es par Anna Korableva.  ANNA KORABLEVA\/TELEGRAM \u00ab\u00a0OSTROZHNO NOVOSTI\u00a0\u00bb                 <\/p>\n<p class=\"article__paragraph  \">\u00ab\u00a0Ne soyez pas tristes.\u00a0Je suis votre ange gardien, adieu\u00a0!\u00a0\u00bb, prononce un soldat mort au combat, tout en saluant le spectateur de la main. Deux ailes blanches lui poussent dans le dos. Il dispara\u00eet dans un \u00e9clat de lumi\u00e8re. En Russie, l\u2019intelligence artificielle (IA) \u00e9tait d\u00e9j\u00e0 utilis\u00e9e pour d\u00e9nicher des hommes \u00e0 mobiliser et pour viser des militaires ennemis. Elle sert dor\u00e9navant aussi \u00e0 ranimer des soldats tout juste morts pour un message d\u2019adieu \u00e0 leurs proches.<\/p>\n<p class=\"article__paragraph  \">Ce genre de clip vid\u00e9o fun\u00e9raire g\u00e9n\u00e9r\u00e9 par l\u2019IA rencontre une certaine popularit\u00e9 aupr\u00e8s des familles des soldats tu\u00e9s dans l\u2019invasion de l\u2019Ukraine. Pour une somme modique, il est possible de mettre en sc\u00e8ne le d\u00e9funt s\u2019\u00e9levant dans les airs, se transformant en oiseau ou \u00e9treignant ses enfants. Une simple animation \u00e0 partir de photographies du mort co\u00fbte 1\u00a0400 roubles (15\u00a0euros). Pour l\u2019enrichir de phrases prononc\u00e9es avec la voix du d\u00e9funt, compter le triple, tandis qu\u2019une \u00ab\u00a0commande urgente\u00a0\u00bb n\u00e9cessitera de d\u00e9bourser 100\u00a0euros.<\/p>\n<p class=\"article__paragraph  \">L\u2019id\u00e9e est n\u00e9e sous les doigts d\u2019une photographe et vid\u00e9aste de 36\u00a0ans vivant dans la petite ville de Kamensk-Ouralski, dans la r\u00e9gion de l\u2019Oural. Jusque-l\u00e0 sp\u00e9cialis\u00e9e dans la c\u00e9l\u00e9bration des \u00ab\u00a0\u00e9v\u00e9nements heureux\u00a0\u00bb (mariages, naissances,\u00a0etc.), Anna Korableva a r\u00e9orient\u00e9 son activit\u00e9 il y a quelques mois vers une nouvelle niche dans l\u2019air du temps. Depuis, son agence a con\u00e7u des dizaines de \u00ab\u00a0clips d\u2019adieu\u00a0\u00bb, dont plusieurs sont publi\u00e9s sur la page de son agence.<\/p>\n<p class=\"reading-mode-only \"><strong>Il vous reste 63.02% de cet article \u00e0 lire. La suite est r\u00e9serv\u00e9e aux abonn\u00e9s.<\/strong><\/p>\n","protected":false},"excerpt":{"rendered":"Captures d\u2019\u00e9cran de vid\u00e9os mettant en sc\u00e8ne des soldats russes morts au combat r\u00e9alis\u00e9es par Anna Korableva. ANNA&hellip;\n","protected":false},"author":2,"featured_media":370832,"comment_status":"","ping_status":"","sticky":false,"template":"","format":"standard","meta":{"footnotes":""},"categories":[1590],"tags":[11,1777,674,12,220],"class_list":{"0":"post-370831","1":"post","2":"type-post","3":"status-publish","4":"format-standard","5":"has-post-thumbnail","7":"category-ukraine","8":"tag-actualites","9":"tag-eu","10":"tag-europe","11":"tag-news","12":"tag-ukraine"},"share_on_mastodon":{"url":"https:\/\/pubeurope.com\/@fr\/115157891182302014","error":""},"_links":{"self":[{"href":"https:\/\/www.europesays.com\/fr\/wp-json\/wp\/v2\/posts\/370831","targetHints":{"allow":["GET"]}}],"collection":[{"href":"https:\/\/www.europesays.com\/fr\/wp-json\/wp\/v2\/posts"}],"about":[{"href":"https:\/\/www.europesays.com\/fr\/wp-json\/wp\/v2\/types\/post"}],"author":[{"embeddable":true,"href":"https:\/\/www.europesays.com\/fr\/wp-json\/wp\/v2\/users\/2"}],"replies":[{"embeddable":true,"href":"https:\/\/www.europesays.com\/fr\/wp-json\/wp\/v2\/comments?post=370831"}],"version-history":[{"count":0,"href":"https:\/\/www.europesays.com\/fr\/wp-json\/wp\/v2\/posts\/370831\/revisions"}],"wp:featuredmedia":[{"embeddable":true,"href":"https:\/\/www.europesays.com\/fr\/wp-json\/wp\/v2\/media\/370832"}],"wp:attachment":[{"href":"https:\/\/www.europesays.com\/fr\/wp-json\/wp\/v2\/media?parent=370831"}],"wp:term":[{"taxonomy":"category","embeddable":true,"href":"https:\/\/www.europesays.com\/fr\/wp-json\/wp\/v2\/categories?post=370831"},{"taxonomy":"post_tag","embeddable":true,"href":"https:\/\/www.europesays.com\/fr\/wp-json\/wp\/v2\/tags?post=370831"}],"curies":[{"name":"wp","href":"https:\/\/api.w.org\/{rel}","templated":true}]}}