{"id":370833,"date":"2025-09-06T14:45:11","date_gmt":"2025-09-06T14:45:11","guid":{"rendered":"https:\/\/www.europesays.com\/fr\/370833\/"},"modified":"2025-09-06T14:45:11","modified_gmt":"2025-09-06T14:45:11","slug":"80-du-trafic-postal-vers-les-etats-unis-est-desormais-interrompu","status":"publish","type":"post","link":"https:\/\/www.europesays.com\/fr\/370833\/","title":{"rendered":"80\u202f% du trafic postal vers les \u00c9tats-Unis est d\u00e9sormais interrompu"},"content":{"rendered":"<p>Une situation in\u00e9dite. Selon l&rsquo;ONU, 88 op\u00e9rateurs ont suspendu enti\u00e8rement ou partiellement leurs services postaux avec les \u00c9tats-Unis, conduisant \u00e0 une chute de plus de 80\u202f% du trafic vers ce pays. Un ph\u00e9nom\u00e8ne qui fait suite \u00e0 l&rsquo;imposition de nouveaux droits de douane par Washington.<\/p>\n<p>L&rsquo;Union postale universelle (UPU) travaille au \u00ab\u202fd\u00e9veloppement rapide d&rsquo;une nouvelle solution technique qui permettra de relancer l&rsquo;acheminement du courrier vers les \u00c9tats-Unis\u202f\u00bb, assure son directeur g\u00e9n\u00e9ral, Masahiko Metoki, dans un communiqu\u00e9. Selon l&rsquo;UPU, les donn\u00e9es \u00e9chang\u00e9es entre les op\u00e9rateurs postaux via son r\u00e9seau \u00e9lectronique montrent que le trafic vers les \u00c9tats-Unis a diminu\u00e9 de 81\u202f% au vendredi 29 ao\u00fbt par rapport au vendredi pr\u00e9c\u00e9dent.<\/p>\n<p>\u00ab\u202fEn outre, 88 op\u00e9rateurs postaux ont inform\u00e9 l&rsquo;UPU qu&rsquo;ils avaient suspendu tout ou partie de leurs services postaux vers les \u00c9tats-Unis jusqu&rsquo;\u00e0 ce qu&rsquo;une solution soit mise en \u0153uvre\u202f\u00bb, a indiqu\u00e9 l&rsquo;agence de l&rsquo;ONU. Parmi ces entreprises figurent notamment la Deutsche Post allemande, ou l&rsquo;op\u00e9rateur postal britannique Royal Mail.<\/p>\n<p>Un d\u00e9cret qui a tout chamboul\u00e9<\/p>\n<p>Tout est parti du d\u00e9cret du 30 juillet dernier publi\u00e9 par l&rsquo;administration Trump. Dans celui-ci, elle a d\u00e9cid\u00e9, avec effet au 29 ao\u00fbt, de supprimer l&rsquo;exemption de droits de douane qui b\u00e9n\u00e9ficiait jusqu&rsquo;alors aux petits colis postaux (les envois de marchandises d&rsquo;une valeur \u00e9gale ou inf\u00e9rieure \u00e0 800 dollars, soit 686 euros).<\/p>\n<p>Ces colis sont depuis lors soumis aux m\u00eames taux de droits de douane que ceux appliqu\u00e9s aux autres importations en provenance des pays d&rsquo;origine. Soit par exemple, 15\u202f% pour les pays de l&rsquo;Union europ\u00e9enne (UE), ou 50\u202f% pour l&rsquo;Inde. Seuls les envois entre particuliers d&rsquo;une valeur de moins de 100 dollars (86 euros) restent exempt\u00e9s de droits.<\/p>\n<p>Vagues de suspension<\/p>\n<p>Cette d\u00e9cision avait suscit\u00e9 une vague d&rsquo;annonces de la part de services postaux, de plusieurs pays, de suspendre les envois de colis \u00e0 destination des \u00c9tats-Unis. Outre la bri\u00e8vet\u00e9 du d\u00e9lai de mise en \u0153uvre de la d\u00e9cision, le probl\u00e8me r\u00e9side surtout dans le fait que le d\u00e9cret oblige \u00ab\u202fles transporteurs et autres parties autoris\u00e9es \u00e0 percevoir \u00e0 l&rsquo;avance, aupr\u00e8s des exp\u00e9diteurs, les droits de douane et \u00e0 en transf\u00e9rer les montants consolid\u00e9s au Bureau des douanes et de la protection des fronti\u00e8res des \u00c9tats-Unis\u202f\u00bb, avait expliqu\u00e9 l&rsquo;UPU fin ao\u00fbt.<\/p>\n<p>Le pr\u00e9sident am\u00e9ricain Donald Trump avait justifi\u00e9 cette d\u00e9cision par une volont\u00e9 de \u00ab\u202fmettre fin \u00e0 une faille catastrophique utilis\u00e9e, entre autres, pour \u00e9viter des droits de douane et envoyer des opio\u00efdes synth\u00e9tiques ainsi que d&rsquo;autres produits dangereux\u202f\u00bb.<\/p>\n<p>Initialement la mesure am\u00e9ricaine, prise d\u00e9but 2025, visait seulement la Chine et Hong Kong, dans le cadre de l&rsquo;offensive de l&rsquo;administration Trump contre les g\u00e9ants du commerce en ligne Shein et Temu. Elle a \u00e9t\u00e9 g\u00e9n\u00e9ralis\u00e9e \u00e0 tous les pays, pour en assurer son efficacit\u00e9.<\/p>\n","protected":false},"excerpt":{"rendered":"Une situation in\u00e9dite. Selon l&rsquo;ONU, 88 op\u00e9rateurs ont suspendu enti\u00e8rement ou partiellement leurs services postaux avec les \u00c9tats-Unis,&hellip;\n","protected":false},"author":2,"featured_media":370834,"comment_status":"","ping_status":"","sticky":false,"template":"","format":"standard","meta":{"footnotes":""},"categories":[1589],"tags":[17,14062,11,981,2483,33,73,1866,151,12,50498,1097,1864,1865,1863,308,13703],"class_list":{"0":"post-370833","1":"post","2":"type-post","3":"status-publish","4":"format-standard","5":"has-post-thumbnail","7":"category-etats-unis","8":"tag-17","9":"tag-14062","10":"tag-actualites","11":"tag-douane","12":"tag-droits","13":"tag-economie","14":"tag-etats-unis","15":"tag-etats-unis-damerique","16":"tag-les","17":"tag-news","18":"tag-postal","19":"tag-trafic","20":"tag-united-states","21":"tag-united-states-of-america","22":"tag-us","23":"tag-usa","24":"tag-vers"},"share_on_mastodon":{"url":"https:\/\/pubeurope.com\/@fr\/115157894678179686","error":""},"_links":{"self":[{"href":"https:\/\/www.europesays.com\/fr\/wp-json\/wp\/v2\/posts\/370833","targetHints":{"allow":["GET"]}}],"collection":[{"href":"https:\/\/www.europesays.com\/fr\/wp-json\/wp\/v2\/posts"}],"about":[{"href":"https:\/\/www.europesays.com\/fr\/wp-json\/wp\/v2\/types\/post"}],"author":[{"embeddable":true,"href":"https:\/\/www.europesays.com\/fr\/wp-json\/wp\/v2\/users\/2"}],"replies":[{"embeddable":true,"href":"https:\/\/www.europesays.com\/fr\/wp-json\/wp\/v2\/comments?post=370833"}],"version-history":[{"count":0,"href":"https:\/\/www.europesays.com\/fr\/wp-json\/wp\/v2\/posts\/370833\/revisions"}],"wp:featuredmedia":[{"embeddable":true,"href":"https:\/\/www.europesays.com\/fr\/wp-json\/wp\/v2\/media\/370834"}],"wp:attachment":[{"href":"https:\/\/www.europesays.com\/fr\/wp-json\/wp\/v2\/media?parent=370833"}],"wp:term":[{"taxonomy":"category","embeddable":true,"href":"https:\/\/www.europesays.com\/fr\/wp-json\/wp\/v2\/categories?post=370833"},{"taxonomy":"post_tag","embeddable":true,"href":"https:\/\/www.europesays.com\/fr\/wp-json\/wp\/v2\/tags?post=370833"}],"curies":[{"name":"wp","href":"https:\/\/api.w.org\/{rel}","templated":true}]}}