{"id":370835,"date":"2025-09-06T14:46:10","date_gmt":"2025-09-06T14:46:10","guid":{"rendered":"https:\/\/www.europesays.com\/fr\/370835\/"},"modified":"2025-09-06T14:46:10","modified_gmt":"2025-09-06T14:46:10","slug":"royaume-uni-fermeture-soudaine-dun-site-delbit-systems-a-bristol-apres-des-protestations","status":"publish","type":"post","link":"https:\/\/www.europesays.com\/fr\/370835\/","title":{"rendered":"Royaume-Uni : Fermeture Soudaine D\u2019un Site D\u2019Elbit Systems \u00c0 Bristol Apr\u00e8s Des Protestations"},"content":{"rendered":"<p class=\"\" data-is=\"component-paragraph\">Selon <a data-is=\"component-link\" href=\"https:\/\/www.theguardian.com\/world\/2025\/sep\/06\/israeli-arms-manufacturer-elbit-systems-closes-uk-facility-targeted-by-palestine-action\" title=\"https:\/\/www.theguardian.com\/world\/2025\/sep\/06\/israeli-arms-manufacturer-elbit-systems-closes-uk-facility-targeted-by-palestine-action\" target=\"\" class=\"link\" rel=\"nofollow noopener\">The Guardian<\/a>, le site d\u2019Elbit Systems UK, filiale du plus grand fabricant d\u2019armes isra\u00e9lien, a ferm\u00e9 de mani\u00e8re inattendue dans la zone industrielle Aztec West, \u00e0 Bristol.<\/p>\n<p class=\"\" data-is=\"component-paragraph\">Lorsque le quotidien britannique s\u2019y est rendu cette semaine, le site \u00e9tait d\u00e9sert, \u00e0 l\u2019exception d\u2019un agent de s\u00e9curit\u00e9, alors que le bail devait courir jusqu\u2019en 2029.<\/p>\n<p class=\"\" data-is=\"component-paragraph\">Ce site avait \u00e9t\u00e9 la cible de dizaines de manifestations men\u00e9es par le groupe Palestine Action, interdit en juillet par le gouvernement britannique au titre de la loi antiterroriste.<\/p>\n<p class=\"\" data-is=\"component-paragraph\">Ces actions incluaient des blocages, l\u2019occupation des toits, des d\u00e9gradations, et le jet de peinture rouge sur les b\u00e2timents pour d\u00e9noncer le r\u00f4le d\u2019Elbit dans la guerre \u00e0 Gaza.<\/p>\n<p class=\"\" data-is=\"component-paragraph\">Elbit, qui se pr\u00e9sente comme l\u2019\u00ab \u00e9pine dorsale \u00bb de la flotte de drones de Tsahal, fournit \u00e9galement des syst\u00e8mes pour avions militaires, v\u00e9hicules blind\u00e9s et navires de combat.<\/p>\n<p class=\"\" data-is=\"component-paragraph\">Des experts, tels qu\u2019Andrew Feinstein, y voient un \u00e9v\u00e9nement majeur, soulignant qu\u2019Elbit est l\u2019un des piliers de l\u2019industrie de d\u00e9fense isra\u00e9lienne, aux c\u00f4t\u00e9s d\u2019IAI.<\/p>\n<p class=\"\" data-is=\"component-paragraph\">L\u2019usine d\u2019Aztec West est distincte de celle de Filton, \u00e9galement vis\u00e9e par Palestine Action, o\u00f9 24 personnes doivent \u00eatre jug\u00e9es pour des faits de violences et de d\u00e9gradations.<\/p>\n<p class=\"\" data-is=\"component-paragraph\">Cette fermeture intervient alors qu\u2019Elbit Systems UK est proche de d\u00e9crocher un contrat de 2 milliards de livres avec le minist\u00e8re britannique de la D\u00e9fense, un projet vivement critiqu\u00e9 par plusieurs responsables politiques en raison du conflit \u00e0 Gaza.<\/p>\n","protected":false},"excerpt":{"rendered":"Selon The Guardian, le site d\u2019Elbit Systems UK, filiale du plus grand fabricant d\u2019armes isra\u00e9lien, a ferm\u00e9 de&hellip;\n","protected":false},"author":2,"featured_media":284550,"comment_status":"","ping_status":"","sticky":false,"template":"","format":"standard","meta":{"footnotes":""},"categories":[1588],"tags":[11,1777,674,12,473,1853,1851,1850,1852],"class_list":{"0":"post-370835","1":"post","2":"type-post","3":"status-publish","4":"format-standard","5":"has-post-thumbnail","7":"category-royaume-uni","8":"tag-actualites","9":"tag-eu","10":"tag-europe","11":"tag-news","12":"tag-royaume-uni","13":"tag-royaume-uni-de-grande-bretagne-et-dirlande-du-nord","14":"tag-uk","15":"tag-united-kingdom","16":"tag-united-kingdom-of-great-britain-and-northern-ireland"},"share_on_mastodon":{"url":"https:\/\/pubeurope.com\/@fr\/115157898678688076","error":""},"_links":{"self":[{"href":"https:\/\/www.europesays.com\/fr\/wp-json\/wp\/v2\/posts\/370835","targetHints":{"allow":["GET"]}}],"collection":[{"href":"https:\/\/www.europesays.com\/fr\/wp-json\/wp\/v2\/posts"}],"about":[{"href":"https:\/\/www.europesays.com\/fr\/wp-json\/wp\/v2\/types\/post"}],"author":[{"embeddable":true,"href":"https:\/\/www.europesays.com\/fr\/wp-json\/wp\/v2\/users\/2"}],"replies":[{"embeddable":true,"href":"https:\/\/www.europesays.com\/fr\/wp-json\/wp\/v2\/comments?post=370835"}],"version-history":[{"count":0,"href":"https:\/\/www.europesays.com\/fr\/wp-json\/wp\/v2\/posts\/370835\/revisions"}],"wp:featuredmedia":[{"embeddable":true,"href":"https:\/\/www.europesays.com\/fr\/wp-json\/wp\/v2\/media\/284550"}],"wp:attachment":[{"href":"https:\/\/www.europesays.com\/fr\/wp-json\/wp\/v2\/media?parent=370835"}],"wp:term":[{"taxonomy":"category","embeddable":true,"href":"https:\/\/www.europesays.com\/fr\/wp-json\/wp\/v2\/categories?post=370835"},{"taxonomy":"post_tag","embeddable":true,"href":"https:\/\/www.europesays.com\/fr\/wp-json\/wp\/v2\/tags?post=370835"}],"curies":[{"name":"wp","href":"https:\/\/api.w.org\/{rel}","templated":true}]}}