{"id":370838,"date":"2025-09-06T14:48:10","date_gmt":"2025-09-06T14:48:10","guid":{"rendered":"https:\/\/www.europesays.com\/fr\/370838\/"},"modified":"2025-09-06T14:48:10","modified_gmt":"2025-09-06T14:48:10","slug":"ces-americains-fuyant-trump-a-qui-leurope-claque-la-porte-au-nez","status":"publish","type":"post","link":"https:\/\/www.europesays.com\/fr\/370838\/","title":{"rendered":"Ces Am\u00e9ricains fuyant Trump\u2026 \u00e0 qui l\u2019Europe claque la porte au nez"},"content":{"rendered":"<p>Demandeurs d\u2019asile<\/p>\n<p>Des artistes transgenres aux universitaires priv\u00e9s de financements, certains citoyens am\u00e9ricains cherchent d\u00e9sormais refuge en Europe, d\u00e9non\u00e7ant un climat jug\u00e9 hostile depuis le retour de Donald Trump au pouvoir. Des demandes d\u2019asile in\u00e9dites, souvent rejet\u00e9es, qui interrogent : s\u2019agit-il de v\u00e9ritables pers\u00e9cutions ou d\u2019un exil id\u00e9ologique face \u00e0 un pays o\u00f9 la majorit\u00e9 soutient les r\u00e9formes conservatrices ?<\/p>\n","protected":false},"excerpt":{"rendered":"Demandeurs d\u2019asile Des artistes transgenres aux universitaires priv\u00e9s de financements, certains citoyens am\u00e9ricains cherchent d\u00e9sormais refuge en Europe,&hellip;\n","protected":false},"author":2,"featured_media":370839,"comment_status":"","ping_status":"","sticky":false,"template":"","format":"standard","meta":{"footnotes":""},"categories":[1586],"tags":[11,2450,50504,75,73,1777,674,1011,27,12,2495,25,364],"class_list":{"0":"post-370838","1":"post","2":"type-post","3":"status-publish","4":"format-standard","5":"has-post-thumbnail","7":"category-europe","8":"tag-actualites","9":"tag-americains","10":"tag-demandeurs-d","11":"tag-donald-trump","12":"tag-etats-unis","13":"tag-eu","14":"tag-europe","15":"tag-fr","16":"tag-france","17":"tag-news","18":"tag-refugies","19":"tag-republique-francaise","20":"tag-union-europeenne"},"share_on_mastodon":{"url":"https:\/\/pubeurope.com\/@fr\/115157906489178825","error":""},"_links":{"self":[{"href":"https:\/\/www.europesays.com\/fr\/wp-json\/wp\/v2\/posts\/370838","targetHints":{"allow":["GET"]}}],"collection":[{"href":"https:\/\/www.europesays.com\/fr\/wp-json\/wp\/v2\/posts"}],"about":[{"href":"https:\/\/www.europesays.com\/fr\/wp-json\/wp\/v2\/types\/post"}],"author":[{"embeddable":true,"href":"https:\/\/www.europesays.com\/fr\/wp-json\/wp\/v2\/users\/2"}],"replies":[{"embeddable":true,"href":"https:\/\/www.europesays.com\/fr\/wp-json\/wp\/v2\/comments?post=370838"}],"version-history":[{"count":0,"href":"https:\/\/www.europesays.com\/fr\/wp-json\/wp\/v2\/posts\/370838\/revisions"}],"wp:featuredmedia":[{"embeddable":true,"href":"https:\/\/www.europesays.com\/fr\/wp-json\/wp\/v2\/media\/370839"}],"wp:attachment":[{"href":"https:\/\/www.europesays.com\/fr\/wp-json\/wp\/v2\/media?parent=370838"}],"wp:term":[{"taxonomy":"category","embeddable":true,"href":"https:\/\/www.europesays.com\/fr\/wp-json\/wp\/v2\/categories?post=370838"},{"taxonomy":"post_tag","embeddable":true,"href":"https:\/\/www.europesays.com\/fr\/wp-json\/wp\/v2\/tags?post=370838"}],"curies":[{"name":"wp","href":"https:\/\/api.w.org\/{rel}","templated":true}]}}