{"id":370840,"date":"2025-09-06T14:49:11","date_gmt":"2025-09-06T14:49:11","guid":{"rendered":"https:\/\/www.europesays.com\/fr\/370840\/"},"modified":"2025-09-06T14:49:11","modified_gmt":"2025-09-06T14:49:11","slug":"la-reglementation-chat-control-trahit-limage-que-leurope-se-donne-comme-temple-des-droits-de-lhomme","status":"publish","type":"post","link":"https:\/\/www.europesays.com\/fr\/370840\/","title":{"rendered":"La r\u00e9glementation Chat Control trahit l\u2019image que l\u2019Europe se donne comme temple des droits de l\u2019homme"},"content":{"rendered":"<p>Chat Control<\/p>\n<p>Pr\u00e9sent\u00e9e comme une r\u00e9ponse \u00e0 la criminalit\u00e9 en ligne, la l\u00e9gislation europ\u00e9enne \u00ab Chat Control \u00bb imposerait le filtrage syst\u00e9matique de toutes les communications, m\u00eame celles prot\u00e9g\u00e9es par le chiffrement. Pour Ya\u00ebl Ossowski, directeur adjoint du Consumer Choice Center, cette r\u00e9gulation cr\u00e9erait un pr\u00e9c\u00e9dent dangereux : destruction du chiffrement, risques pour les journalistes, militants et citoyens, d\u00e9rive possible vers un mod\u00e8le de surveillance \u00e0 la chinoise. Au-del\u00e0 de la protection de l\u2019enfance, c\u2019est l\u2019avenir des libert\u00e9s num\u00e9riques et de l\u2019\u00e9cosyst\u00e8me technologique europ\u00e9en qui est en jeu.<\/p>\n","protected":false},"excerpt":{"rendered":"Chat Control Pr\u00e9sent\u00e9e comme une r\u00e9ponse \u00e0 la criminalit\u00e9 en ligne, la l\u00e9gislation europ\u00e9enne \u00ab Chat Control \u00bb&hellip;\n","protected":false},"author":2,"featured_media":370841,"comment_status":"","ping_status":"","sticky":false,"template":"","format":"standard","meta":{"footnotes":""},"categories":[1586],"tags":[11,36379,44738,1777,674,1779,1011,27,50506,50505,50508,12,25,50507,1778,364],"class_list":{"0":"post-370840","1":"post","2":"type-post","3":"status-publish","4":"format-standard","5":"has-post-thumbnail","7":"category-europe","8":"tag-actualites","9":"tag-big-tech","10":"tag-chat-control","11":"tag-eu","12":"tag-europe","13":"tag-european-union","14":"tag-fr","15":"tag-france","16":"tag-intimite","17":"tag-libertes-civiles","18":"tag-messageries","19":"tag-news","20":"tag-republique-francaise","21":"tag-surveillance-electronique","22":"tag-ue","23":"tag-union-europeenne"},"share_on_mastodon":{"url":"https:\/\/pubeurope.com\/@fr\/115157910407698432","error":""},"_links":{"self":[{"href":"https:\/\/www.europesays.com\/fr\/wp-json\/wp\/v2\/posts\/370840","targetHints":{"allow":["GET"]}}],"collection":[{"href":"https:\/\/www.europesays.com\/fr\/wp-json\/wp\/v2\/posts"}],"about":[{"href":"https:\/\/www.europesays.com\/fr\/wp-json\/wp\/v2\/types\/post"}],"author":[{"embeddable":true,"href":"https:\/\/www.europesays.com\/fr\/wp-json\/wp\/v2\/users\/2"}],"replies":[{"embeddable":true,"href":"https:\/\/www.europesays.com\/fr\/wp-json\/wp\/v2\/comments?post=370840"}],"version-history":[{"count":0,"href":"https:\/\/www.europesays.com\/fr\/wp-json\/wp\/v2\/posts\/370840\/revisions"}],"wp:featuredmedia":[{"embeddable":true,"href":"https:\/\/www.europesays.com\/fr\/wp-json\/wp\/v2\/media\/370841"}],"wp:attachment":[{"href":"https:\/\/www.europesays.com\/fr\/wp-json\/wp\/v2\/media?parent=370840"}],"wp:term":[{"taxonomy":"category","embeddable":true,"href":"https:\/\/www.europesays.com\/fr\/wp-json\/wp\/v2\/categories?post=370840"},{"taxonomy":"post_tag","embeddable":true,"href":"https:\/\/www.europesays.com\/fr\/wp-json\/wp\/v2\/tags?post=370840"}],"curies":[{"name":"wp","href":"https:\/\/api.w.org\/{rel}","templated":true}]}}