{"id":370844,"date":"2025-09-06T14:51:11","date_gmt":"2025-09-06T14:51:11","guid":{"rendered":"https:\/\/www.europesays.com\/fr\/370844\/"},"modified":"2025-09-06T14:51:11","modified_gmt":"2025-09-06T14:51:11","slug":"cote-dor-le-pere-de-famille-grievement-blesse-par-balles-jeudi-soir-est-decede","status":"publish","type":"post","link":"https:\/\/www.europesays.com\/fr\/370844\/","title":{"rendered":"C\u00f4te-d\u2019Or\u00a0: le p\u00e8re de famille gri\u00e8vement bless\u00e9 par balles jeudi soir est d\u00e9c\u00e9d\u00e9"},"content":{"rendered":"<p class=\"paragraph text_align_left lp-f-body-02\">Le <a href=\"https:\/\/www.leparisien.fr\/cote-d-or-21\/cote-dor-un-homme-grievement-blesse-par-balles-dans-le-village-de-marsannay-la-cote-05-09-2025-FOAX4V7E7ZF37GLP5IB6NLHAAU.php\" target=\"_blank\" rel=\"noreferrer nofollow noopener\">p\u00e8re de famille gri\u00e8vement bless\u00e9 par balles dans le village de Marsannay-la-C\u00f4te<\/a> (C\u00f4te-d\u2019Or) jeudi soir est d\u00e9c\u00e9d\u00e9 dans la nuit de vendredi \u00e0 ce samedi, indique le parquet de <a href=\"https:\/\/www.leparisien.fr\/faits-divers\/dijon-un-sexagenaire-accuse-davoir-force-sa-femme-a-boire-avant-quelle-ne-soit-violee-par-dautres-hommes-02-08-2025-VDWSPT7KLRFE3DYEZRY2VRHVD4.php\" target=\"_blank\" rel=\"noreferrer nofollow noopener\">Dijon<\/a>, confirmant une information du <a href=\"https:\/\/www.bienpublic.com\/faits-divers-justice\/2025\/09\/06\/fusillade-a-marsannay-la-cote-le-pere-de-famille-est-decede\" target=\"_blank\" rel=\"noreferrer nofollow noopener\">Bien Public<\/a>. Les motifs de cette tentative d\u2019assassinat ne sont pas d\u00e9termin\u00e9s \u00ab\u00a0pour l\u2019heure\u00a0\u00bb, a indiqu\u00e9 le procureur de la R\u00e9publique \u00e0 Dijon, Olivier Caracotch, sans confirmer ni infirmer que la victime pourrait avoir \u00e9t\u00e9 prise pour cible par erreur.<\/p>\n<p class=\"paragraph text_align_left lp-f-body-02\">Cet homme qui n\u2019avait aucun lien avec le trafic de stup\u00e9fiants ou la criminalit\u00e9 organis\u00e9e \u00e9tait dans un \u00e9tat critique ce vendredi. \u00c2g\u00e9 de 49\u00a0ans, il a \u00e9t\u00e9 vis\u00e9 par des tirs vers 20h45 jeudi alors qu\u2019il garait sa voiture \u00e0 Marsannay-la-C\u00f4te, un village tranquille en plein c\u0153ur des vignobles r\u00e9put\u00e9s de la C\u00f4te de Nuits, a indiqu\u00e9 la gendarmerie \u00e0 l\u2019AFP, confirmant une information du Bien Public.<\/p>\n<p>Un v\u00e9hicule retrouv\u00e9<\/p>\n<p class=\"paragraph text_align_left lp-f-body-02\">Il a \u00e9t\u00e9 \u00ab\u00a0tr\u00e8s gravement atteint\u00a0\u00bb par les tirs et se trouvait toujours vendredi apr\u00e8s-midi \u00ab\u00a0dans un \u00e9tat critique\u00a0\u00bb, avait d\u00e9taill\u00e9 vendredi dans un premier communiqu\u00e9 Olivier Caracotch.<\/p>\n<p class=\"paragraph text_align_left lp-f-body-02\">\u00ab\u00a0Le ou les auteurs semblent avoir agi depuis un v\u00e9hicule automobile sombre\u00a0\u00bb, et une voiture \u00ab\u00a0pouvant correspondre\u00a0\u00bb \u00e0 celle de ses agresseurs a \u00e9t\u00e9 d\u00e9couverte une demi-heure apr\u00e8s les tirs, calcin\u00e9e et portant de fausses plaques d\u2019immatriculation, a ajout\u00e9 le magistrat. Une enqu\u00eate a \u00e9t\u00e9 ouverte notamment pour \u00ab\u00a0tentative d\u2019assassinat (\u2026) en bande organis\u00e9e\u00a0\u00bb, a-t-il pr\u00e9cis\u00e9.<\/p>\n<p class=\"lp-card-podcast-highlighting__title  lp-f-subtitle-05\">[1\/6] Jubillar\u00a0: de la disparition au proc\u00e8s, une affaire sans corps ni aveux<\/p>\n<p class=\"lp-card-podcast-highlighting__description lp-f-ui-05\">Crime story raconte chaque semaine les grandes affaires criminelles.<\/p>\n<p><a class=\"lp-card-podcast-highlighting__call-to-action\" data-page-type=\"HP\" data-block-name=\"podcast-highlight\">\u00c9couter<\/a><\/p>\n<p class=\"paragraph text_align_left lp-f-body-02\">La victime est originaire de la commune voisine de Chen\u00f4ve, dont certains quartiers sont affect\u00e9s par des violences notamment li\u00e9es au trafic de drogues. Le maire de cette commune, le PS Thierry Falconnet, a annonc\u00e9, ce vendredi, avoir adress\u00e9 une lettre aux ministres de la Justice, G\u00e9rald Darmanin, et de l\u2019Int\u00e9rieur, Bruno Retailleau, demandant \u00e0 l\u2019\u00c9tat d\u2019\u00ab\u00a0assumer ses fonctions r\u00e9galiennes\u00a0\u00bb.<\/p>\n","protected":false},"excerpt":{"rendered":"Le p\u00e8re de famille gri\u00e8vement bless\u00e9 par balles dans le village de Marsannay-la-C\u00f4te (C\u00f4te-d\u2019Or) jeudi soir est d\u00e9c\u00e9d\u00e9&hellip;\n","protected":false},"author":2,"featured_media":182638,"comment_status":"","ping_status":"","sticky":false,"template":"","format":"standard","meta":{"footnotes":""},"categories":[2],"tags":[11,459,118,1011,27,12,25],"class_list":{"0":"post-370844","1":"post","2":"type-post","3":"status-publish","4":"format-standard","5":"has-post-thumbnail","7":"category-actualites","8":"tag-actualites","9":"tag-departements-horsidfo","10":"tag-faits-divers","11":"tag-fr","12":"tag-france","13":"tag-news","14":"tag-republique-francaise"},"share_on_mastodon":{"url":"https:\/\/pubeurope.com\/@fr\/115157918268624222","error":""},"_links":{"self":[{"href":"https:\/\/www.europesays.com\/fr\/wp-json\/wp\/v2\/posts\/370844","targetHints":{"allow":["GET"]}}],"collection":[{"href":"https:\/\/www.europesays.com\/fr\/wp-json\/wp\/v2\/posts"}],"about":[{"href":"https:\/\/www.europesays.com\/fr\/wp-json\/wp\/v2\/types\/post"}],"author":[{"embeddable":true,"href":"https:\/\/www.europesays.com\/fr\/wp-json\/wp\/v2\/users\/2"}],"replies":[{"embeddable":true,"href":"https:\/\/www.europesays.com\/fr\/wp-json\/wp\/v2\/comments?post=370844"}],"version-history":[{"count":0,"href":"https:\/\/www.europesays.com\/fr\/wp-json\/wp\/v2\/posts\/370844\/revisions"}],"wp:featuredmedia":[{"embeddable":true,"href":"https:\/\/www.europesays.com\/fr\/wp-json\/wp\/v2\/media\/182638"}],"wp:attachment":[{"href":"https:\/\/www.europesays.com\/fr\/wp-json\/wp\/v2\/media?parent=370844"}],"wp:term":[{"taxonomy":"category","embeddable":true,"href":"https:\/\/www.europesays.com\/fr\/wp-json\/wp\/v2\/categories?post=370844"},{"taxonomy":"post_tag","embeddable":true,"href":"https:\/\/www.europesays.com\/fr\/wp-json\/wp\/v2\/tags?post=370844"}],"curies":[{"name":"wp","href":"https:\/\/api.w.org\/{rel}","templated":true}]}}