{"id":370845,"date":"2025-09-06T14:52:11","date_gmt":"2025-09-06T14:52:11","guid":{"rendered":"https:\/\/www.europesays.com\/fr\/370845\/"},"modified":"2025-09-06T14:52:11","modified_gmt":"2025-09-06T14:52:11","slug":"le-president-de-la-societe-reagit-aux-temoignages-de-violences-sexuelles","status":"publish","type":"post","link":"https:\/\/www.europesays.com\/fr\/370845\/","title":{"rendered":"le pr\u00e9sident de la soci\u00e9t\u00e9 r\u00e9agit aux t\u00e9moignages de violences sexuelles"},"content":{"rendered":"<p class=\"article-p mdl\">Des t\u00e9moignages de violences sexuelles secouent le monde des Miss et la pr\u00e9sidence de la soci\u00e9t\u00e9 a r\u00e9agi. Vendredi 5 septembre, Hubert Gu\u00e9rin, <strong>ancien collaborateur de Genevi\u00e8ve de Fontenay au sein du comit\u00e9 Miss France,<\/strong> a \u00e9t\u00e9 interview\u00e9 sur le plateau de\u00a0<a class=\"link\" href=\"https:\/\/www.instagram.com\/reel\/DOO5lEGiJiN\/\" target=\"_blank\" rel=\"noopener\">Tout beau tout neuf,<\/a>\u00a0sur W9, apr\u00e8s la publication en juin, d\u2019un livre dans lequel d\u2019anciennes candidates t\u00e9moignaient de\u00a0<a class=\"link\" href=\"https:\/\/www.rtl.fr\/actu\/justice-faits-divers\/violences-sexuelles-sur-des-nourrissons-a-montreuil-deux-victimes-formellement-identifiees-7900537147\" title=\"Violences sexuelles sur des nourrissons \u00e0 Montreuil : deux victimes formellement identifi\u00e9es\" target=\"_blank\" rel=\"noopener\">violences sexuelles<\/a>\u00a0en marge du concours. Celles-ci auraient \u00e9t\u00e9 commises <strong>entre 1990 et 2002.<\/strong>\u2028<\/p>\n<p class=\"article-p mdl\">Ces t\u00e9moignages anonymes, mis en avant dans cette interview ont fait r\u00e9agir le pr\u00e9sident de la soci\u00e9t\u00e9 Miss France, Fr\u00e9d\u00e9ric Gilbert, dans un communiqu\u00e9 publi\u00e9 sur Instagram. Celui-ci assure que \u00ab\u00a0la soci\u00e9t\u00e9 Miss France a pris connaissance des all\u00e9gations rapport\u00e9es dans le livre Miss France, du r\u00eave \u00e0 la r\u00e9alit\u00e9, de Hubert Gu\u00e9rin\u00a0\u00bb. Il se veut tout de m\u00eame prudent dans ses propos : \u00ab\u00a0<strong>Nous ne pouvons juger de la v\u00e9racit\u00e9 de ces all\u00e9gations,<\/strong> qui, selon l\u2019auteur, correspondent \u00e0 une p\u00e9riode ant\u00e9rieure \u00e0 la prise de contr\u00f4le de la soci\u00e9t\u00e9 Miss France par Endemol, puis par le groupe Banijay. N\u00e9anmoins, s\u2019ils \u00e9taient av\u00e9r\u00e9s, ces faits toucheraient \u00e0 des sujets qui nous concernent tous profond\u00e9ment : la s\u00e9curit\u00e9, la dignit\u00e9 et le respect de chaque femme.\u00a0\u00bb<\/p>\n<p class=\"article-p mdl\">Fr\u00e9d\u00e9ric Gilbert invite ensuite \u00ab\u00a0toute personne concern\u00e9e \u00e0 saisir les autorit\u00e9s comp\u00e9tentes et \u00e0 se rapprocher d\u2019un conseil qui l\u2019informera pr\u00e9cis\u00e9ment de ses droits\u00a0\u00bb.\u2028<\/p>\n<p>            Une \u00ab\u00a0omerta\u00a0\u00bb dans la soci\u00e9t\u00e9 Miss France<\/p>\n<p class=\"article-p mdl\">Mais si cette r\u00e9action se veut, certes, bienveillante, mais surtout prudente, Hubert Gu\u00e9rin assure avoir tent\u00e9 d\u2019informer la soci\u00e9t\u00e9 Miss France. Lors de l\u2019interview de vendredi soir, il a \u00e9t\u00e9 interrog\u00e9 sur l\u2019absence de r\u00e9action de l\u2019organisation dans son livre. <strong>Il assure avoir contact\u00e9 \u00ab\u00a0le pr\u00e9sident de la Soci\u00e9t\u00e9 Miss France par texto par t\u00e9l\u00e9phone,<\/strong> en demandant des entretiens\u00a0\u00bb. Il n\u2019aurait jamais eu de r\u00e9ponse avant que son num\u00e9ro de t\u00e9l\u00e9phone ne soit bloqu\u00e9 \u00ab\u00a0le 28 f\u00e9vrier 2025\u00a0\u00bb apr\u00e8s avoir inform\u00e9 Fr\u00e9d\u00e9ric Gilbert \u00ab\u00a0des t\u00e9moignages\u00a0\u00bb. Selon l\u2019auteur, cela \u00ab\u00a0montre bien qu\u2019il y a une <strong>omerta<\/strong>, \u00e7a montre bien qu\u2019on n\u2019a pas envie de parler\u00a0\u00bb.<\/p>\n<p>    La r\u00e9daction vous recommande<\/p>\n<p class=\"s-newsletter__title\">\n                L\u2019actualit\u00e9 par la r\u00e9daction de RTL dans votre bo\u00eete mail.\n            <\/p>\n<p class=\"s-newsletter__subtitle\">\n                Gr\u00e2ce \u00e0 votre compte RTL abonnez-vous \u00e0 la newsletter RTL info pour suivre toute l&rsquo;actualit\u00e9 au quotidien\n            <\/p>\n<p>\n                                    Lire la suite\n                                <\/p>\n<p>                            <script async src=\"\/\/www.instagram.com\/embed.js\"><\/script><\/p>\n","protected":false},"excerpt":{"rendered":"Des t\u00e9moignages de violences sexuelles secouent le monde des Miss et la pr\u00e9sidence de la soci\u00e9t\u00e9 a r\u00e9agi.&hellip;\n","protected":false},"author":2,"featured_media":370846,"comment_status":"","ping_status":"","sticky":false,"template":"","format":"standard","meta":{"footnotes":""},"categories":[4],"tags":[11,1267,107,1011,27,3034,12,25,809],"class_list":{"0":"post-370845","1":"post","2":"type-post","3":"status-publish","4":"format-standard","5":"has-post-thumbnail","7":"category-france","8":"tag-actualites","9":"tag-agression-sexuelle","10":"tag-fil-info","11":"tag-fr","12":"tag-france","13":"tag-miss-france","14":"tag-news","15":"tag-republique-francaise","16":"tag-violence"},"share_on_mastodon":{"url":"https:\/\/pubeurope.com\/@fr\/115157922077485055","error":""},"_links":{"self":[{"href":"https:\/\/www.europesays.com\/fr\/wp-json\/wp\/v2\/posts\/370845","targetHints":{"allow":["GET"]}}],"collection":[{"href":"https:\/\/www.europesays.com\/fr\/wp-json\/wp\/v2\/posts"}],"about":[{"href":"https:\/\/www.europesays.com\/fr\/wp-json\/wp\/v2\/types\/post"}],"author":[{"embeddable":true,"href":"https:\/\/www.europesays.com\/fr\/wp-json\/wp\/v2\/users\/2"}],"replies":[{"embeddable":true,"href":"https:\/\/www.europesays.com\/fr\/wp-json\/wp\/v2\/comments?post=370845"}],"version-history":[{"count":0,"href":"https:\/\/www.europesays.com\/fr\/wp-json\/wp\/v2\/posts\/370845\/revisions"}],"wp:featuredmedia":[{"embeddable":true,"href":"https:\/\/www.europesays.com\/fr\/wp-json\/wp\/v2\/media\/370846"}],"wp:attachment":[{"href":"https:\/\/www.europesays.com\/fr\/wp-json\/wp\/v2\/media?parent=370845"}],"wp:term":[{"taxonomy":"category","embeddable":true,"href":"https:\/\/www.europesays.com\/fr\/wp-json\/wp\/v2\/categories?post=370845"},{"taxonomy":"post_tag","embeddable":true,"href":"https:\/\/www.europesays.com\/fr\/wp-json\/wp\/v2\/tags?post=370845"}],"curies":[{"name":"wp","href":"https:\/\/api.w.org\/{rel}","templated":true}]}}