{"id":370849,"date":"2025-09-06T14:55:16","date_gmt":"2025-09-06T14:55:16","guid":{"rendered":"https:\/\/www.europesays.com\/fr\/370849\/"},"modified":"2025-09-06T14:55:16","modified_gmt":"2025-09-06T14:55:16","slug":"le-stade-francais-attaque-fort-contre-montauban-en-ouverture-de-la-saison-de-top-14-lequipe","status":"publish","type":"post","link":"https:\/\/www.europesays.com\/fr\/370849\/","title":{"rendered":"Le Stade Fran\u00e7ais attaque fort contre Montauban en ouverture de la saison de Top 14 &#8211; L&#039;\u00c9quipe"},"content":{"rendered":"<ol>\n<li><a href=\"https:\/\/news.google.com\/rss\/articles\/CBMiywFBVV95cUxNX3doWmdwWFFsOHZ4U1dSNW9xa05HQmZ6TlZIOF9PbmJfWDEwcnd6WXBWemhEa2NLLXppaW4wMTJvVWtjcVhPbG5QOGlkVzUyaXAxN2hLVDRpWGxfZkxndmN1eHVkVVdQaVFpQVFaLWhvMUxfVHNkZHFZejBzcEtnVGJvNUZJSm54a2VaeWhXWmtjZ0Zwd0Nsdm8yME16Q0pJUFRyZ1hUZGhmZnFPS1V5TGNXZVYxMUhUSktaY3VWZ3NCSVNOM0FhQ2FKaw?oc=5\" target=\"_blank\" rel=\"nofollow noopener\">Le Stade Fran\u00e7ais attaque fort contre Montauban en ouverture de la saison de Top 14<\/a>&nbsp;&nbsp;L&rsquo;\u00c9quipe<\/li>\n<li><a href=\"https:\/\/news.google.com\/rss\/articles\/CBMi7wFBVV95cUxNQ0dDdHVIbGtfdkNjOXlQQjdYQTJ4bkloOEh1bkpHV3R2VEJOQXlDQTRPSVcyQUlEN0RJeVdIcTlZbTliSmloYnhWY1M5ai11ZWM0R25DZ2FrWHM3NEJiU0pDSW8yajFpaDdvemcwYUhRMXJGMGw1NW1LVjlPVWJ1RzBHSTRjR01fOFNZWXR1SENpeGRhS01uazg5UVI1Vm5wRnUtVndtZzhPRkktbF92alh5R0tIR1JVZXZkMEV6dDVUcFQwYmdpdENNUmt0aEZaWEtEVHF2Z1R2bE54UTNSYjRmQlYyTHVOSFYtZTRQdw?oc=5\" target=\"_blank\" rel=\"nofollow noopener\">REPLAY. Stade Fran\u00e7ais-Montauban : l\u2019USM chute lourdement \u00e0 Paris pour son retour en Top 14 ! Revivez le match<\/a>&nbsp;&nbsp;ladepeche.fr<\/li>\n<li><a href=\"https:\/\/news.google.com\/rss\/articles\/CBMihAJBVV95cUxPbzBNWm5NRzdzOTFFbU9qZUc2elB3MG9NS3o5aWhFczNyZlMwUlVYcE5VNl9VM0ZLNVFOelJpTnZLdGxnZTY4OVVaQU9IMi1iTEtpX2ZZRlY2VnY2RnBTdHdrLUpkVWVwWFk2ODAtUl9tTHlMejI5QWFlZ3lYMGhvdVJuRURDZ0s1WEZvWTIwUUgwUDl5OExPc0xoY0N0bElUVnVMMEVianJvaUItWG1EN2N3aUJSM25PeEg1Z1VlRTFVZXlFaENRTmR4VlN4WnllSE1YUlJVT0tEaGFCeHB2WjRsX2prUWxDbmpQdlBuWjYxX2p1eFh4SThHOXc0aV9aN2VFRA?oc=5\" target=\"_blank\" rel=\"nofollow noopener\">Stade fran\u00e7ais \u2013 Montauban : revivez la victoire de Paris face au promu en ouverture de la saison 2025-2026<\/a>&nbsp;&nbsp;Rugbyrama<\/li>\n<li><a href=\"https:\/\/news.google.com\/rss\/articles\/CBMilgFBVV95cUxPYWdDZW1CX0hWQWZIVm5LX3ZQSWdpQVp4MUNWN0JSdjBac3VBb1hRaEVQdkI1d2VIWVNwbk1LUXBOdHY3UkhLUGtXd29pWG1VTTNpSzZaOEZrcTFQbG5TdU94UFZmMnNuODF1YkhIc2xzbC1vTVlIblFHbHcteVhLbGFtS0V6TVdPaUwzVzRYUFpOaFZHNXc?oc=5\" target=\"_blank\" rel=\"nofollow noopener\">La composition parisienne face \u00e0 Montauban<\/a>&nbsp;&nbsp;stade.fr<\/li>\n<li><a href=\"https:\/\/news.google.com\/rss\/articles\/CBMijgJBVV95cUxNTGRaQ0V3OUdEcVhnV29DbjFGdGtuUll1ZWJvTmFEeW9Tb3hfbVcySTRyejRCMVEyTjFjUjdkb2lQTWFwQ0VwZmtTNXd4a29Yd3pXQTJHNXJwS25UZGJoOGNDZmxQVE5hNTBiMFU3R21FQXFGNnZGQkNfV0pmaElSYjZ4akVCMDRfX3VlOGRVR0NwUzRxTW03S0tSTVZRWkp2OWVuRFNkZkZ3M2dYb1NVVDBtazEyVUdpaVl6Y3lYdmwzdnZuTUl2UjExNVZFcmRnWHBrUDU0ZTNzV3gtc2xhSXVYSjk5VWRZRUdEYXZRMExUN0ZqSFlTTVNpWVd5VVVseVNKUXh1LTJqZ05TOGc?oc=5\" target=\"_blank\" rel=\"nofollow noopener\">Montauban savoure le \u00ab coup de boost \u00bb de son retour dans le Top 14, mais redoute le contrecoup d\u2019une accession surprise<\/a>&nbsp;&nbsp;Le Monde.fr<\/li>\n<\/ol>\n","protected":false},"excerpt":{"rendered":"Le Stade Fran\u00e7ais attaque fort contre Montauban en ouverture de la saison de Top 14&nbsp;&nbsp;L&rsquo;\u00c9quipe REPLAY. Stade Fran\u00e7ais-Montauban&hellip;\n","protected":false},"author":2,"featured_media":370850,"comment_status":"","ping_status":"","sticky":false,"template":"","format":"standard","meta":{"footnotes":""},"categories":[1416],"tags":[1011,27,479,1468,60],"class_list":{"0":"post-370849","1":"post","2":"type-post","3":"status-publish","4":"format-standard","5":"has-post-thumbnail","7":"category-rugby","8":"tag-fr","9":"tag-france","10":"tag-rugby","11":"tag-rugby-football","12":"tag-sports"},"share_on_mastodon":{"url":"https:\/\/pubeurope.com\/@fr\/115157933969737057","error":""},"_links":{"self":[{"href":"https:\/\/www.europesays.com\/fr\/wp-json\/wp\/v2\/posts\/370849","targetHints":{"allow":["GET"]}}],"collection":[{"href":"https:\/\/www.europesays.com\/fr\/wp-json\/wp\/v2\/posts"}],"about":[{"href":"https:\/\/www.europesays.com\/fr\/wp-json\/wp\/v2\/types\/post"}],"author":[{"embeddable":true,"href":"https:\/\/www.europesays.com\/fr\/wp-json\/wp\/v2\/users\/2"}],"replies":[{"embeddable":true,"href":"https:\/\/www.europesays.com\/fr\/wp-json\/wp\/v2\/comments?post=370849"}],"version-history":[{"count":0,"href":"https:\/\/www.europesays.com\/fr\/wp-json\/wp\/v2\/posts\/370849\/revisions"}],"wp:featuredmedia":[{"embeddable":true,"href":"https:\/\/www.europesays.com\/fr\/wp-json\/wp\/v2\/media\/370850"}],"wp:attachment":[{"href":"https:\/\/www.europesays.com\/fr\/wp-json\/wp\/v2\/media?parent=370849"}],"wp:term":[{"taxonomy":"category","embeddable":true,"href":"https:\/\/www.europesays.com\/fr\/wp-json\/wp\/v2\/categories?post=370849"},{"taxonomy":"post_tag","embeddable":true,"href":"https:\/\/www.europesays.com\/fr\/wp-json\/wp\/v2\/tags?post=370849"}],"curies":[{"name":"wp","href":"https:\/\/api.w.org\/{rel}","templated":true}]}}