{"id":370851,"date":"2025-09-06T14:56:17","date_gmt":"2025-09-06T14:56:17","guid":{"rendered":"https:\/\/www.europesays.com\/fr\/370851\/"},"modified":"2025-09-06T14:56:17","modified_gmt":"2025-09-06T14:56:17","slug":"tennis-cest-unique-la-gersoise-manon-pondicq-16-ans-vice-championne-de-france-sur-la-mythique-terre-battue-de-roland-garros","status":"publish","type":"post","link":"https:\/\/www.europesays.com\/fr\/370851\/","title":{"rendered":"Tennis\u00a0: \u00ab\u00a0C\u2019est unique\u00a0!\u00a0\u00bb La Gersoise Manon Pondicq, 16 ans, vice-championne de France sur la mythique terre battue de Roland-Garros"},"content":{"rendered":"<p>\n                                                                    l&rsquo;essentiel<br \/>\n                                                                \u00c0 seulement 16 ans, l\u2019Auscitaine a v\u00e9cu un \u00e9t\u00e9 inoubliable. Finaliste des championnats de France (3e s\u00e9rie dames) sur la terre battue de Roland-Garros, Manon Pondicq s\u2019affirme un peu plus comme l\u2019avenir du tennis gersois.\n                            <\/p>\n<p>Porte-\u00e9tendard du tennis gersois, Manon Pondicq se souviendra longtemps de l\u2019\u00e9t\u00e9 2025. D\u00e9j\u00e0 championne d\u2019Occitanie en titre, l\u2019Auscitaine a brill\u00e9 sur la mythique terre battue de Roland-Garros\u2026 et pas en tant que ramasseuse de balles.<\/p>\n<p class=\"std-elt__inline\">\n        <strong>\u00c0 lire aussi :<\/strong><br \/>\n        <a href=\"https:\/\/www.ladepeche.fr\/2025\/06\/16\/tennis-de-ramasseuse-de-balles-a-joueuse-a-roland-garros-la-gersoise-manon-pondicq-poursuit-son-ascension-12765338.php\" rel=\"nofollow noopener\" target=\"_blank\">Tennis\u00a0: de ramasseuse de balles \u00e0 joueuse \u00e0 Roland-Garros, la Gersoise Manon Pondicq poursuit son ascension<\/a>\n    <\/p>\n<p>Il y a quelques jours, elle s\u2019est hiss\u00e9e jusqu\u2019en finale des championnats de France seniors (3e s\u00e9rie dames), o\u00f9 elle a d\u00e9croch\u00e9 une place de vice-championne. Battue 6\/4, 6\/1 en finale le 26\u00a0ao\u00fbt dernier par Ana\u00efs Grandjean, la licenci\u00e9e du <a href=\"https:\/\/www.ladepeche.fr\/2025\/09\/02\/rentree-sportive-a-auch-le-tennis-club-seduit-toujours-plus-la-barre-des-400-licencies-atteinte-12904506.php\" target=\"_self\" rel=\"nofollow noopener\">Tennis-Club Auscitain (TCA)<\/a> depuis \u00ab\u00a0toute petite\u00a0\u00bb a port\u00e9 haut les couleurs du Gers et de l\u2019Occitanie.<\/p>\n<p>        <img decoding=\"async\" class=\"std-img__img responsive-img\" src=\"https:\/\/www.europesays.com\/fr\/wp-content\/uploads\/2025\/09\/1757170577_167_image.jpg\" alt=\"Manon Pondicq aux c\u00f4t\u00e9s de Marie-Dominique Couret, pr\u00e9sidente du Tennis-Club Auscitain.\"\/><\/p>\n<p>                Manon Pondicq aux c\u00f4t\u00e9s de Marie-Dominique Couret, pr\u00e9sidente du Tennis-Club Auscitain.<br \/>\n                                    DDM &#8211; C.M.<\/p>\n<p>\u00ab\u00a0C\u2019est m\u00e9rit\u00e9, puisqu\u2019elle a bien travaill\u00e9\u00a0\u00bb, souligne fi\u00e8rement Marie-Dominique Couret, pr\u00e9sidente du club auscitain, qui a suivi la finale en direct.<\/p>\n<p>\u00ab\u00a0J\u2019\u00e9tais assez tendue\u00a0\u00bb<\/p>\n<p>Malgr\u00e9 la d\u00e9faite, l\u2019exp\u00e9rience restera grav\u00e9e dans la m\u00e9moire de Manon Pondicq. \u00ab\u00a0J\u2019avais d\u00e9j\u00e0 \u00e9t\u00e9 ramasseuse de balles (durant le Grand Chelem, NDLR), donc je connaissais les coulisses. Mais c\u2019est vrai qu\u2019au premier match, j\u2019\u00e9tais assez tendue parce que c\u2019est unique\u00a0\u00bb, partage-t-elle.<\/p>\n<p class=\"std-elt__inline\">\n        <strong>\u00c0 lire aussi :<\/strong><br \/>\n        <a href=\"https:\/\/www.ladepeche.fr\/2025\/09\/02\/rentree-sportive-a-auch-le-tennis-club-seduit-toujours-plus-la-barre-des-400-licencies-atteinte-12904506.php\" rel=\"nofollow noopener\" target=\"_blank\">Rentr\u00e9e sportive \u00e0 Auch\u00a0: le Tennis-Club s\u00e9duit toujours plus, la barre des 400 licenci\u00e9s atteinte<\/a>\n    <\/p>\n<p>Le temps des championnats de France, la Gersoise a pu se faire une vague id\u00e9e du d\u00e9cor dans lequel \u00e9voluent les stars de la petite balle jaune.\u00a0\u00ab\u00a0Il y avait des spectateurs qui venaient pour d\u00e9couvrir le site et regarder le match\u00a0\u00bb, raconte-t-elle. \u00ab\u00a0J\u2019ai aussi eu la chance de m\u2019entra\u00eener sur le Suzanne-Lenglen.\u00a0\u00bb<\/p>\n<p>\u00c0 bient\u00f4t 17 ans, la lyc\u00e9enne, meilleure joueuse du d\u00e9partement et de la r\u00e9gion, incarne la rel\u00e8ve du tennis local. D\u00e9termin\u00e9e, elle garde cependant les pieds sur terre, avec un projet d\u2019avenir en t\u00eate\u00a0: devenir kin\u00e9sith\u00e9rapeute.<\/p>\n","protected":false},"excerpt":{"rendered":"l&rsquo;essentiel \u00c0 seulement 16 ans, l\u2019Auscitaine a v\u00e9cu un \u00e9t\u00e9 inoubliable. Finaliste des championnats de France (3e s\u00e9rie&hellip;\n","protected":false},"author":2,"featured_media":370852,"comment_status":"","ping_status":"","sticky":false,"template":"","format":"standard","meta":{"footnotes":""},"categories":[1415],"tags":[1011,27,60,1467],"class_list":{"0":"post-370851","1":"post","2":"type-post","3":"status-publish","4":"format-standard","5":"has-post-thumbnail","7":"category-tennis","8":"tag-fr","9":"tag-france","10":"tag-sports","11":"tag-tennis"},"share_on_mastodon":{"url":"https:\/\/pubeurope.com\/@fr\/115157938194098286","error":""},"_links":{"self":[{"href":"https:\/\/www.europesays.com\/fr\/wp-json\/wp\/v2\/posts\/370851","targetHints":{"allow":["GET"]}}],"collection":[{"href":"https:\/\/www.europesays.com\/fr\/wp-json\/wp\/v2\/posts"}],"about":[{"href":"https:\/\/www.europesays.com\/fr\/wp-json\/wp\/v2\/types\/post"}],"author":[{"embeddable":true,"href":"https:\/\/www.europesays.com\/fr\/wp-json\/wp\/v2\/users\/2"}],"replies":[{"embeddable":true,"href":"https:\/\/www.europesays.com\/fr\/wp-json\/wp\/v2\/comments?post=370851"}],"version-history":[{"count":0,"href":"https:\/\/www.europesays.com\/fr\/wp-json\/wp\/v2\/posts\/370851\/revisions"}],"wp:featuredmedia":[{"embeddable":true,"href":"https:\/\/www.europesays.com\/fr\/wp-json\/wp\/v2\/media\/370852"}],"wp:attachment":[{"href":"https:\/\/www.europesays.com\/fr\/wp-json\/wp\/v2\/media?parent=370851"}],"wp:term":[{"taxonomy":"category","embeddable":true,"href":"https:\/\/www.europesays.com\/fr\/wp-json\/wp\/v2\/categories?post=370851"},{"taxonomy":"post_tag","embeddable":true,"href":"https:\/\/www.europesays.com\/fr\/wp-json\/wp\/v2\/tags?post=370851"}],"curies":[{"name":"wp","href":"https:\/\/api.w.org\/{rel}","templated":true}]}}