{"id":370853,"date":"2025-09-06T14:58:10","date_gmt":"2025-09-06T14:58:10","guid":{"rendered":"https:\/\/www.europesays.com\/fr\/370853\/"},"modified":"2025-09-06T14:58:10","modified_gmt":"2025-09-06T14:58:10","slug":"alex-marquez-fait-son-mea-culpa-je-me-suis-senti-bete-dans-les-graviers","status":"publish","type":"post","link":"https:\/\/www.europesays.com\/fr\/370853\/","title":{"rendered":"\u00c1lex M\u00e1rquez fait son mea culpa\u00a0:\u00a0\u00ab\u00a0Je me suis senti b\u00eate dans les graviers\u00a0\u00bb"},"content":{"rendered":"<p>Son aisance sur le circuit de Barcelone laissait penser qu&rsquo;<a href=\"https:\/\/fr.motorsport.com\/driver\/alex-marquez\/96324\/\" target=\"_blank\" rel=\"noopener\">\u00c1lex M\u00e1rquez<\/a> avait toutes les cartes en main pour sortir de la mauvaise passe qu&rsquo;il a travers\u00e9e cet \u00e9t\u00e9. Des chutes et erreurs diverses ont fortement impact\u00e9 sa courbe de r\u00e9sultats, l&rsquo;\u00e9loignant de la quasi-perfection qui a \u00e9t\u00e9 la sienne durant les quatre premiers mois de comp\u00e9tition.<\/p>\n<p><a href=\"https:\/\/fr.motorsport.com\/driver\/marc-marquez\/92646\/\" target=\"_blank\" rel=\"noopener\">Marc M\u00e1rquez<\/a>, qui a maintes fois r\u00e9p\u00e9t\u00e9 ne pas souhaiter avoir d&rsquo;opportunit\u00e9 de sceller le titre d\u00e8s Misano car cela signifierait que son fr\u00e8re aurait pass\u00e9 un mauvais week-end \u00e0 domicile, a pourtant h\u00e9rit\u00e9 d&rsquo;une nouvelle erreur de son cadet. Il l&rsquo;avait d\u00e9sign\u00e9 favori pour ce Grand Prix, que lui-m\u00eame n&rsquo;appr\u00e9cie gu\u00e8re, et \u00c1lex avait effectivement sembl\u00e9 tenir ce statut.<\/p>\n<p>Encore l\u00e9g\u00e8rement insatisfait de ses r\u00e9glages hier, il a \u00e9lev\u00e9 le niveau aujourd&rsquo;hui et d\u00e9croch\u00e9 sa premi\u00e8re pole de l&rsquo;ann\u00e9e, assortie d&rsquo;un record nettement battu. Au d\u00e9part du sprint, il a maintenu sa premi\u00e8re place sans trembler, laissant son fr\u00e8re se battre avec les autres outsiders.<\/p>\n<p>Mais, alors que l&rsquo;avance du pilote Gresini avait grimp\u00e9 \u00e0 une seconde et demie, une chute a soudain tout g\u00e2ch\u00e9. \u00ab\u00a0J&rsquo;\u00e9tais trop relax, je me sentais imbattable \u00e0 ce moment-l\u00e0\u00a0\u00bb, explique \u00c1lex M\u00e1rquez. \u00ab\u00a0Je l&rsquo;ai souvent dit, la confiance peut aussi \u00eatre dangereuse quand on a l&rsquo;impression que rien ne peut nous arr\u00eater.\u00a0\u00bb<\/p>\n<p>\u00a0<br \/>\n\u00ab\u00a0Un choc avec la r\u00e9alit\u00e9\u00a0\u00bb<\/p>\n<p>\u00ab\u00a0C&rsquo;est un choc avec la r\u00e9alit\u00e9, mais bon, il vaut mieux que ce soit aujourd&rsquo;hui plut\u00f4t que demain m\u00eame s&rsquo;il n&rsquo;y a pas de bon jour pour faire \u00e7a. On est rapides, en confiance, on a tout et j&rsquo;ai juste fait cette petite erreur parce que je me suis rel\u00e2ch\u00e9 \u00e0 cet endroit-l\u00e0. Je savais que j&rsquo;avais un peu \u00e9largi, donc j&rsquo;ai juste essay\u00e9 de stopper la moto et de revenir sur la trajectoire. C&rsquo;est enti\u00e8rement ma faute.\u00a0\u00bb<\/p>\n<p>\u00ab\u00a0Tout le week-end, quoi que je fasse, la moto r\u00e9pond, elle est l\u00e0. Et en course, je suis un peu plus chaud, j&rsquo;ai essay\u00e9 un peu trop, trop fort. C&rsquo;est enti\u00e8rement ma faute, franchement je me suis senti assez b\u00eate dans les graviers, mais c&rsquo;est comme \u00e7a. Il va falloir aller de l&rsquo;avant demain.\u00a0\u00bb<\/p>\n<p>   <img decoding=\"async\" draggable=\"false\" src=\"https:\/\/www.europesays.com\/fr\/wp-content\/uploads\/2025\/09\/1757170690_518_alex-marquez-gresini-racing.jpg\" alt=\"\u00c1lex M\u00e1rquez a men\u00e9 pendant huit tours avant de tomber.\" width=\"1200\" height=\"800\" loading=\"lazy\"\/> <\/p>\n<p class=\"title\">\u00c1lex M\u00e1rquez a men\u00e9 pendant huit tours avant de tomber.<\/p>\n<p class=\"photographer\">Photo de: Gold and Goose Photography \/ LAT Images \/ via Getty Images<\/p>\n<p>Apr\u00e8s le GP de Hongrie, d\u00e9j\u00e0,\u00a0\u00c1lex M\u00e1rquez s&rsquo;\u00e9tait reproch\u00e9 de g\u00e2cher des opportunit\u00e9s et avait pouss\u00e9 son \u00e9quipe et lui-m\u00eame \u00e0 faire preuve d&rsquo;une concentration impeccable pour ne plus laisser filer de points. Force est de constater que la situation s&rsquo;est reproduite, et l&rsquo;Espagnol admet que c&rsquo;est sa tr\u00e8s bonne comp\u00e9titivit\u00e9 sur ce circuit qui l&rsquo;y a sans doute men\u00e9.<\/p>\n<p>\u00ab\u00a0Comme je l&rsquo;ai dit jeudi, on n&rsquo;a jamais perdu la vitesse, mais on a un peu perdu confiance sur certaines pistes, et \u00e7a fait qu&rsquo;on a \u00e9t\u00e9 un peu trop t\u00f4t sur la d\u00e9fensive, sans me donner le temps de faire des tours et de chercher un peu plus la limite. Et ici, je me suis tout simplement senti trop bien et j&rsquo;ai fait cette erreur.\u00a0\u00bb<\/p>\n<p>\u00ab\u00a0Il faut qu&rsquo;on aille de l&rsquo;avant, on a encore une opportunit\u00e9 et il va falloir en profiter\u00a0\u00bb,\u00a0ajoute l&rsquo;Espagnol. Que compte-t-il\u00a0faire diff\u00e9remment demain, lors de la course principale\u00a0?\u00a0\u00ab\u00a0Il faut juste appliquer le m\u00eame style, faire les m\u00eames premiers tours, et puis respirer un peu. Voil\u00e0 ce que je dois faire\u00a0\u00bb, r\u00e9pond-il.<\/p>\n<p>\u00ab\u00a0Ne pas me d\u00e9concentrer. Je pense qu&rsquo;un bon conseil pour moi aujourd&rsquo;hui \u00e9tait de me dire que je ne suis pas invincible, qu&rsquo;il faut contr\u00f4ler cela. Mais je suis tr\u00e8s rapide et la limite est tr\u00e8s proche, donc il faut \u00eatre plus concentr\u00e9.\u00a0\u00bb<\/p>\n<p>En repartant en qu\u00eate de la victoire dimanche, \u00c1lex M\u00e1rquez peut esp\u00e9rer soigner son orgueil. Il n&rsquo;a en revanche qu&rsquo;une chance infime, \u00e0 laquelle il ne croit pas lui-m\u00eame, de repousser le sacre de son fr\u00e8re. Marc\u00a0M\u00e1rquez\u00a0 a besoin d&rsquo;augmenter son avance de dix points au cours du week-end pour esp\u00e9rer \u00eatre couronn\u00e9 \u00e0 Misano, et il vient aujourd&rsquo;hui d&rsquo;infliger un 12-0.<\/p>\n<p>Lire aussi :<\/p>\n<p>Dans cet article<\/p>\n<p>Soyez le premier inform\u00e9 et souscrivez aux alertes mails pour recevoir les infos en temps r\u00e9el<\/p>\n<p>    S&rsquo;abonner aux alertes de news<\/p>\n","protected":false},"excerpt":{"rendered":"Son aisance sur le circuit de Barcelone laissait penser qu&rsquo;\u00c1lex M\u00e1rquez avait toutes les cartes en main pour&hellip;\n","protected":false},"author":2,"featured_media":370854,"comment_status":"","ping_status":"","sticky":false,"template":"","format":"standard","meta":{"footnotes":""},"categories":[1413],"tags":[25466,1011,27,48377,3452,1457,1456,1458,60,7896,50509],"class_list":{"0":"post-370853","1":"post","2":"type-post","3":"status-publish","4":"format-standard","5":"has-post-thumbnail","7":"category-moto","8":"tag-circuit-de-barcelona-catalunya","9":"tag-fr","10":"tag-france","11":"tag-gp-de-catalogne","12":"tag-gresini-racing","13":"tag-moto","14":"tag-motocycle","15":"tag-motogp","16":"tag-sports","17":"tag-u00c1lex-mu00e1rquez","18":"tag-u00c1lex-mu00e1rquez-fait-son-mea-culpau00a0u00a0je-me-suis-senti-bu00eate-dans-les-graviers"},"share_on_mastodon":{"url":"https:\/\/pubeurope.com\/@fr\/115157945901677341","error":""},"_links":{"self":[{"href":"https:\/\/www.europesays.com\/fr\/wp-json\/wp\/v2\/posts\/370853","targetHints":{"allow":["GET"]}}],"collection":[{"href":"https:\/\/www.europesays.com\/fr\/wp-json\/wp\/v2\/posts"}],"about":[{"href":"https:\/\/www.europesays.com\/fr\/wp-json\/wp\/v2\/types\/post"}],"author":[{"embeddable":true,"href":"https:\/\/www.europesays.com\/fr\/wp-json\/wp\/v2\/users\/2"}],"replies":[{"embeddable":true,"href":"https:\/\/www.europesays.com\/fr\/wp-json\/wp\/v2\/comments?post=370853"}],"version-history":[{"count":0,"href":"https:\/\/www.europesays.com\/fr\/wp-json\/wp\/v2\/posts\/370853\/revisions"}],"wp:featuredmedia":[{"embeddable":true,"href":"https:\/\/www.europesays.com\/fr\/wp-json\/wp\/v2\/media\/370854"}],"wp:attachment":[{"href":"https:\/\/www.europesays.com\/fr\/wp-json\/wp\/v2\/media?parent=370853"}],"wp:term":[{"taxonomy":"category","embeddable":true,"href":"https:\/\/www.europesays.com\/fr\/wp-json\/wp\/v2\/categories?post=370853"},{"taxonomy":"post_tag","embeddable":true,"href":"https:\/\/www.europesays.com\/fr\/wp-json\/wp\/v2\/tags?post=370853"}],"curies":[{"name":"wp","href":"https:\/\/api.w.org\/{rel}","templated":true}]}}