{"id":370857,"date":"2025-09-06T15:00:12","date_gmt":"2025-09-06T15:00:12","guid":{"rendered":"https:\/\/www.europesays.com\/fr\/370857\/"},"modified":"2025-09-06T15:00:12","modified_gmt":"2025-09-06T15:00:12","slug":"cyclisme-tour-de-grand-bretagne-remco-evenepoel-soffre-la-5e-etape-gregoire-resiste","status":"publish","type":"post","link":"https:\/\/www.europesays.com\/fr\/370857\/","title":{"rendered":"Cyclisme. Tour de Grand-Bretagne &#8211; Remco Evenepoel s&rsquo;offre la 5e \u00e9tape, Gr\u00e9goire r\u00e9siste"},"content":{"rendered":"<p>Les coureurs du\u00a0<strong><a href=\"https:\/\/www.cyclismactu.net\/..\/news-cyclisme-route-tour-de-grande-bretagne-romain-gregoire-bat-julian-alaphilippe-sur-4e-etape-89989.html\" target=\"_blank\" rel=\"nofollow noopener\">Tour de Grande-Bretagne<\/a> <\/strong>avaient rendez-vous ce samedi avec l&rsquo;\u00e9tape reine de cette 21e \u00e9dition ! Apr\u00e8s la victoire de <strong><a href=\"https:\/\/www.cyclismactu.net\/..\/news-cyclisme-route-tour-de-grande-bretagne-romain-gregoire-ce-n-est-pas-n-importe-qui-derriere-89993.html\" target=\"_blank\" rel=\"nofollow noopener\">Romain Gr\u00e9goire<\/a>\u00a0<\/strong>(Groupama-FDJ)\u00a0la veille, les principaux pr\u00e9tendants \u00e0 la victoire au classement g\u00e9n\u00e9ral allaient s&rsquo;expliquer dans la mont\u00e9 de The Thumble (5.5 km \u00e0 7.3%), dont le sommet constituait l&rsquo;arriv\u00e9e de cette 5e \u00e9tape. Finalement, malgr\u00e9 plusieurs attaques des favoris, notamment de <strong>Pavel Sivakov <\/strong>(UAE Team Emirates XRG) et d&rsquo;<strong>Oscar Onley <\/strong>(Team Picnic PostNL), c&rsquo;est un sprint en petit comit\u00e9 qui s&rsquo;est disput\u00e9 au sommet et qui a souri \u00e0\u00a0<strong>Remco Evenepoel <\/strong>(Soudal Quick-Step). Le champion olympique l\u00e8ve les bras d\u00e8s sa course de reprise et s&rsquo;est impos\u00e9 devant <strong>Thomas Gloag <\/strong>(Team Visma | Lease a Bike) et <strong>Oscar Onley<\/strong>. M\u00eame s&rsquo;il ne s&rsquo;est pas montr\u00e9 \u00e0 son aise dans l&rsquo;ultime ascension, <strong>Romain Gr\u00e9goire<\/strong>\u00a0(Groupama-FDJ) a bien g\u00e9r\u00e9 son effort et termine \u00e0 une belle 5e place, dans le m\u00eame temps que le Belge. Le Fran\u00e7ais conserve son maillot vert de leader mais devra encore batailler pour remporter ce <strong>Tour de Grande-Bretagne<\/strong>, qui pourrait se jouer aux bonifications\u00a0\u00e0 l&rsquo;issue de la 6e \u00e9tape ce dimanche.<\/p>\n<p>Vid\u00e9o &#8211; Remco Evenepoel s&rsquo;offre l&rsquo;\u00e9tape reine en costaud Lire la suite de l&rsquo;article&#13;<\/p>\n<p>\u00a0<\/p>\n<p>&#13;<br \/>\n<strong>Romain Gr\u00e9goire sous la menace de Remco Evenepoel<\/strong>&#13;<\/p>\n<p>Vainqueur d&rsquo;une \u00e9tape pour puncheurs la veille, c&rsquo;\u00e9tait un challenge pour <strong>Romain Gr\u00e9goire <\/strong>de conserver son maillot de leader sur une ascension plus longue et destin\u00e9e aux grimpeurs. C&rsquo;est apr\u00e8s avoir repris les deux attaquants du jour,\u00a0<strong>Hartthijs de Vries <\/strong>(Unibet Tietema Rockets) et\u00a0<strong>Siebe Deweirdt <\/strong>(Team Flanders &#8211; Baloise), qu&rsquo;a v\u00e9ritablement d\u00e9but\u00e9 la course de c\u00f4te que l&rsquo;on attendait sur cette 5e \u00e9tape. Si plusieurs tentatives infructeuses d&rsquo;offensives ont eu lieu dans les derniers kilom\u00e8tres de course, c&rsquo;est \u00e0 <strong>Pavel Sivakov<\/strong>, <strong>Oscar Onley <\/strong>et <strong>Afonso Eulalio <\/strong>(Bahrain-Victorious) que l&rsquo;on doit le mouvement le plus concret de ce final, sous la banderole annon\u00e7ant les deux derniers kilom\u00e8tres.<\/p>\n<p>&#13;<\/p>\n<p>Toutefois, la faute au travail d&rsquo;<strong>Ilan Van Wilder<\/strong> en poursuite et la mauvaise collaboration \u00e0 l&rsquo;avant, les trois fuyards n&rsquo;ont pu esp\u00e9rer disputer la victoire, finalement revenue \u00e0 <strong>Remco Evenepoel<\/strong>, le plus rapide dans le sprint en bosse final. Point\u00e9 \u00e0 12&Prime; du leader fran\u00e7ais au matin de cette \u00e9tape, le double champion olympique profite des secondes de bonifications pour revenir \u00e0 2&Prime; seulement de la t\u00eate, la veille de l&rsquo;arriv\u00e9e.\u00a0<\/p>\n<p>Tour de Grande-Bretagne &#8211; Classement de la 5\u00e8 \u00e9tape Tour de Grande-Bretagne &#8211; Classement g\u00e9n\u00e9ral provisoire apr\u00e8s la 5\u00e8 \u00e9tape<\/p>\n","protected":false},"excerpt":{"rendered":"Les coureurs du\u00a0Tour de Grande-Bretagne avaient rendez-vous ce samedi avec l&rsquo;\u00e9tape reine de cette 21e \u00e9dition ! Apr\u00e8s&hellip;\n","protected":false},"author":2,"featured_media":370858,"comment_status":"","ping_status":"","sticky":false,"template":"","format":"standard","meta":{"footnotes":""},"categories":[1411],"tags":[1154,207,211,1011,27,209,60,210,50510,212,208,213],"class_list":{"0":"post-370857","1":"post","2":"type-post","3":"status-publish","4":"format-standard","5":"has-post-thumbnail","7":"category-cyclisme","8":"tag-cycling","9":"tag-cyclisme","10":"tag-ffc","11":"tag-fr","12":"tag-france","13":"tag-route","14":"tag-sports","15":"tag-tour-de-france","16":"tag-tour-de-grand-bretagne","17":"tag-uci","18":"tag-velo","19":"tag-world-tour"},"share_on_mastodon":{"url":"https:\/\/pubeurope.com\/@fr\/115157953596323836","error":""},"_links":{"self":[{"href":"https:\/\/www.europesays.com\/fr\/wp-json\/wp\/v2\/posts\/370857","targetHints":{"allow":["GET"]}}],"collection":[{"href":"https:\/\/www.europesays.com\/fr\/wp-json\/wp\/v2\/posts"}],"about":[{"href":"https:\/\/www.europesays.com\/fr\/wp-json\/wp\/v2\/types\/post"}],"author":[{"embeddable":true,"href":"https:\/\/www.europesays.com\/fr\/wp-json\/wp\/v2\/users\/2"}],"replies":[{"embeddable":true,"href":"https:\/\/www.europesays.com\/fr\/wp-json\/wp\/v2\/comments?post=370857"}],"version-history":[{"count":0,"href":"https:\/\/www.europesays.com\/fr\/wp-json\/wp\/v2\/posts\/370857\/revisions"}],"wp:featuredmedia":[{"embeddable":true,"href":"https:\/\/www.europesays.com\/fr\/wp-json\/wp\/v2\/media\/370858"}],"wp:attachment":[{"href":"https:\/\/www.europesays.com\/fr\/wp-json\/wp\/v2\/media?parent=370857"}],"wp:term":[{"taxonomy":"category","embeddable":true,"href":"https:\/\/www.europesays.com\/fr\/wp-json\/wp\/v2\/categories?post=370857"},{"taxonomy":"post_tag","embeddable":true,"href":"https:\/\/www.europesays.com\/fr\/wp-json\/wp\/v2\/tags?post=370857"}],"curies":[{"name":"wp","href":"https:\/\/api.w.org\/{rel}","templated":true}]}}