{"id":370859,"date":"2025-09-06T15:01:09","date_gmt":"2025-09-06T15:01:09","guid":{"rendered":"https:\/\/www.europesays.com\/fr\/370859\/"},"modified":"2025-09-06T15:01:09","modified_gmt":"2025-09-06T15:01:09","slug":"aurelien-tchouameni-est-en-train-de-choquer-tout-le-monde","status":"publish","type":"post","link":"https:\/\/www.europesays.com\/fr\/370859\/","title":{"rendered":"Aur\u00e9lien Tchouameni est en train de choquer tout le monde"},"content":{"rendered":"<p>Michael Olise, Manu Kon\u00e9, Ibrahima Konat\u00e9, Aur\u00e9lien Tchouameni\u2026 plusieurs joueurs ont marqu\u00e9 des points lors du premier match des \u00e9liminatoires de la Coupe du monde 2026, vendredi soir face \u00e0 l\u2019Ukraine (2-0). Mais parmi eux, le milieu du Real Madrid a sembl\u00e9 franchir un cap et retrouver un niveau rarement atteint ces derniers mois. <a href=\"https:\/\/www.footmercato.net\/a7586641292535576051-ukraine-france-les-notes-du-match\" rel=\"nofollow noopener\" target=\"_blank\">Cr\u00e9dit\u00e9 d\u2019un 8,5\/10 par notre r\u00e9daction<\/a>, Aur\u00e9lien Tchouam\u00e9ni a domin\u00e9 l\u2019entrejeu ukrainien (64\/67 passes r\u00e9ussies et 7\/9 duels gagn\u00e9s). Solide \u00e0 la r\u00e9cup\u00e9ration et inspir\u00e9 dans ses transmissions, il a brill\u00e9 dans les phases offensives, comme en t\u00e9moigne sa passe d\u00e9cisive pour Kylian Mbapp\u00e9.<\/p>\n<p>            La suite apr\u00e8s cette publicit\u00e9<\/p>\n<p>        Aur\u00e9lien Tchouameni a r\u00e9gal\u00e9 contre l\u2019Ukraine<\/p>\n<p>\u00c0 25 ans, le milieu madril\u00e8ne a livr\u00e9 une prestation compl\u00e8te : six tacles r\u00e9ussis, trois grosses occasions cr\u00e9\u00e9es, soit mieux que tous ses co\u00e9quipiers. \u00ab C\u2019est tr\u00e8s \u00e9nergivore d\u2019aller chercher haut, de presser. Cela a commenc\u00e9 par les attaquants, qui ont fait beaucoup de courses. On a mis moins d\u2019intensit\u00e9 ensuite. Ma\u00eetriser tout pendant 90 minutes\u2026 Je ne pense pas qu\u2019il y ait eu un rel\u00e2chement, mais plut\u00f4t un temps fort de l\u2019adversaire (\u2026) La doublette Kon\u00e9-Tchouameni a tr\u00e8s bien fonctionn\u00e9. Cela nous a permis d\u2019avoir un bon \u00e9quilibre d\u00e9fensif. On a eu beaucoup d\u2019encha\u00eenements de qualit\u00e9 \u00bb, a reconnu Didier Deschamps apr\u00e8s la rencontre.<\/p>\n<p>Si l\u2019ex-Mon\u00e9gasque surprend autant, c\u2019est aussi parce qu\u2019il revenait de loin \u00e0 Madrid. Balad\u00e9 entre la d\u00e9fense centrale et le milieu de terrain au cours de la saison derni\u00e8re par Carlo Ancelotti, il avait fini par hausser l\u00e9g\u00e8rement son niveau, mais restait critiqu\u00e9 par les supporters merengues et \u00e9galement par la presse espagnole, au point que des rumeurs de d\u00e9part ont circul\u00e9 cet \u00e9t\u00e9. D\u00e9sormais, ces sp\u00e9culations appartiennent au pass\u00e9 : <a href=\"https:\/\/www.footmercato.net\/joueur\/aurelien-tchouameni\/\" rel=\"nofollow noopener\" target=\"_blank\">Tchouameni<\/a> est devenu l\u2019un des hommes de base de Xabi Alonso.<\/p>\n<p>            La suite apr\u00e8s cette publicit\u00e9<\/p>\n<p>        Une pi\u00e8ce ma\u00eetresse de Xabi Alonso<\/p>\n<p>Align\u00e9 \u00e0 tous les matches de la Coupe du monde des clubs et titulaire pendant l\u2019int\u00e9gralit\u00e9 des trois premi\u00e8res journ\u00e9es de Liga, il s\u2019impose comme un milieu d\u00e9fensif incontournable et indispensable au style de jeu offensif mis en place par Xabi Alonso. \u00ab C\u2019est un pilier fondamental de l\u2019\u00e9quipe, par le poids qu\u2019il a et les diff\u00e9rentes fonctions qu\u2019il peut occuper. \u00c0 son poste, il doit sans cesse prendre de petites d\u00e9cisions pour aider tout le collectif \u00bb, expliquait son entra\u00eeneur en juillet dernier, affichant toute sa confiance.<\/p>\n<p>Sur sa lanc\u00e9e madril\u00e8ne, Aur\u00e9lien Tchouameni confirme aussi en Bleu qu\u2019il peut \u00eatre la pi\u00e8ce ma\u00eetresse de l\u2019entrejeu de Didier Deschamps. \u00ab C\u2019\u00e9tait important de ne pas prendre de but. On sait qu\u2019avec l\u2019armada offensive qu\u2019on a, \u00e7a nous donne plus de chances de gagner les matches [\u2026] On avait \u00e0 c\u0153ur de bien commencer cette campagne. On n\u2019a que six matches, il fallait se mettre dedans d\u00e8s le d\u00e9but \u00bb, a soulign\u00e9 l\u2019ancien Mon\u00e9gasque. Reste d\u00e9sormais \u00e0 prolonger cette dynamique jusqu\u2019\u00e0 l\u2019\u00e9t\u00e9 prochain, en vue du Mondial 2026 en Am\u00e9rique du Nord.<\/p>\n<p>\n    Pub. le 06\/09\/2025 14:16<br \/>\n            &#8211; MAJ le 06\/09\/2025 16:57\n    <\/p>\n","protected":false},"excerpt":{"rendered":"Michael Olise, Manu Kon\u00e9, Ibrahima Konat\u00e9, Aur\u00e9lien Tchouameni\u2026 plusieurs joueurs ont marqu\u00e9 des points lors du premier match&hellip;\n","protected":false},"author":2,"featured_media":369394,"comment_status":"","ping_status":"","sticky":false,"template":"","format":"standard","meta":{"footnotes":""},"categories":[1410],"tags":[63,1011,27,60],"class_list":{"0":"post-370859","1":"post","2":"type-post","3":"status-publish","4":"format-standard","5":"has-post-thumbnail","7":"category-football","8":"tag-football","9":"tag-fr","10":"tag-france","11":"tag-sports"},"share_on_mastodon":{"url":"https:\/\/pubeurope.com\/@fr\/115157957650099708","error":""},"_links":{"self":[{"href":"https:\/\/www.europesays.com\/fr\/wp-json\/wp\/v2\/posts\/370859","targetHints":{"allow":["GET"]}}],"collection":[{"href":"https:\/\/www.europesays.com\/fr\/wp-json\/wp\/v2\/posts"}],"about":[{"href":"https:\/\/www.europesays.com\/fr\/wp-json\/wp\/v2\/types\/post"}],"author":[{"embeddable":true,"href":"https:\/\/www.europesays.com\/fr\/wp-json\/wp\/v2\/users\/2"}],"replies":[{"embeddable":true,"href":"https:\/\/www.europesays.com\/fr\/wp-json\/wp\/v2\/comments?post=370859"}],"version-history":[{"count":0,"href":"https:\/\/www.europesays.com\/fr\/wp-json\/wp\/v2\/posts\/370859\/revisions"}],"wp:featuredmedia":[{"embeddable":true,"href":"https:\/\/www.europesays.com\/fr\/wp-json\/wp\/v2\/media\/369394"}],"wp:attachment":[{"href":"https:\/\/www.europesays.com\/fr\/wp-json\/wp\/v2\/media?parent=370859"}],"wp:term":[{"taxonomy":"category","embeddable":true,"href":"https:\/\/www.europesays.com\/fr\/wp-json\/wp\/v2\/categories?post=370859"},{"taxonomy":"post_tag","embeddable":true,"href":"https:\/\/www.europesays.com\/fr\/wp-json\/wp\/v2\/tags?post=370859"}],"curies":[{"name":"wp","href":"https:\/\/api.w.org\/{rel}","templated":true}]}}