{"id":370864,"date":"2025-09-06T15:04:11","date_gmt":"2025-09-06T15:04:11","guid":{"rendered":"https:\/\/www.europesays.com\/fr\/370864\/"},"modified":"2025-09-06T15:04:11","modified_gmt":"2025-09-06T15:04:11","slug":"marsannay-le-bois-une-vieille-cabine-telephonique-transformee-en-boite-a-livres","status":"publish","type":"post","link":"https:\/\/www.europesays.com\/fr\/370864\/","title":{"rendered":"Marsannay-le-Bois. Une vieille cabine t\u00e9l\u00e9phonique transform\u00e9e\u2026 en bo\u00eete \u00e0 livres"},"content":{"rendered":"<p>Une bo\u00eete \u00e0 livres vient d\u2019\u00eatre install\u00e9e sur la petite place vers l\u2019ancienne mairie de Marsannay-le-Bois, \u00e0 l\u2019angle de la rue de la Libert\u00e9 et de la rue de l\u2019\u00c9glise. Il s\u2019agit d\u2019une ancienne cabine t\u00e9l\u00e9phonique des ann\u00e9es 1930 achet\u00e9e \u2013 avec l\u2019accord de la municipalit\u00e9 \u2013 \u00e0 un particulier \u00e0 Semur-en-Auxois.<\/p>\n<p>  Deux ans de travail<\/p>\n<p>C\u2019est Christine et Pascal Banet, aid\u00e9s de Jean-Louis et Marie-Jo Duez, qui ont entrepris les travaux de r\u00e9novation (d\u00e9capage, pon\u00e7age et peinture). L\u2019int\u00e9rieur (les rayonnages) ainsi que les petits travaux afin de rendre cette bo\u00eete \u00e0 livres \u00e9tanche ont \u00e9t\u00e9 r\u00e9alis\u00e9s par Herv\u00e9 Febvre, l\u2019employ\u00e9 communal.<\/p>\n<p>Tout ce travail a dur\u00e9 deux ans. L\u2019ancienne cabine t\u00e9l\u00e9phonique a \u00e9t\u00e9 fix\u00e9e sur un socle en b\u00e9ton le 4\u00a0septembre. Les livres proviennent du d\u00e9sherbage de la biblioth\u00e8que. C\u2019est l\u2019\u00e9quipe de cette derni\u00e8re qui assurera l\u2019approvisionnement et la r\u00e9gulation de son contenu. Chacun pourra emprunter les livres.<\/p>\n","protected":false},"excerpt":{"rendered":"Une bo\u00eete \u00e0 livres vient d\u2019\u00eatre install\u00e9e sur la petite place vers l\u2019ancienne mairie de Marsannay-le-Bois, \u00e0 l\u2019angle&hellip;\n","protected":false},"author":2,"featured_media":370865,"comment_status":"","ping_status":"","sticky":false,"template":"","format":"standard","meta":{"footnotes":""},"categories":[1357],"tags":[1379,1687,58,2664,59,107,1011,27,2663,1380,2410,50512],"class_list":{"0":"post-370864","1":"post","2":"type-post","3":"status-publish","4":"format-standard","5":"has-post-thumbnail","7":"category-livres","8":"tag-books","9":"tag-culture-loisirs","10":"tag-divertissement","11":"tag-edition-region-dijonnaise","12":"tag-entertainment","13":"tag-fil-info","14":"tag-fr","15":"tag-france","16":"tag-is-sur-tille-bassin","17":"tag-livres","18":"tag-livres-bd","19":"tag-marsannay-le-bois"},"share_on_mastodon":{"url":"https:\/\/pubeurope.com\/@fr\/115157969425297713","error":""},"_links":{"self":[{"href":"https:\/\/www.europesays.com\/fr\/wp-json\/wp\/v2\/posts\/370864","targetHints":{"allow":["GET"]}}],"collection":[{"href":"https:\/\/www.europesays.com\/fr\/wp-json\/wp\/v2\/posts"}],"about":[{"href":"https:\/\/www.europesays.com\/fr\/wp-json\/wp\/v2\/types\/post"}],"author":[{"embeddable":true,"href":"https:\/\/www.europesays.com\/fr\/wp-json\/wp\/v2\/users\/2"}],"replies":[{"embeddable":true,"href":"https:\/\/www.europesays.com\/fr\/wp-json\/wp\/v2\/comments?post=370864"}],"version-history":[{"count":0,"href":"https:\/\/www.europesays.com\/fr\/wp-json\/wp\/v2\/posts\/370864\/revisions"}],"wp:featuredmedia":[{"embeddable":true,"href":"https:\/\/www.europesays.com\/fr\/wp-json\/wp\/v2\/media\/370865"}],"wp:attachment":[{"href":"https:\/\/www.europesays.com\/fr\/wp-json\/wp\/v2\/media?parent=370864"}],"wp:term":[{"taxonomy":"category","embeddable":true,"href":"https:\/\/www.europesays.com\/fr\/wp-json\/wp\/v2\/categories?post=370864"},{"taxonomy":"post_tag","embeddable":true,"href":"https:\/\/www.europesays.com\/fr\/wp-json\/wp\/v2\/tags?post=370864"}],"curies":[{"name":"wp","href":"https:\/\/api.w.org\/{rel}","templated":true}]}}