{"id":370867,"date":"2025-09-06T15:07:10","date_gmt":"2025-09-06T15:07:10","guid":{"rendered":"https:\/\/www.europesays.com\/fr\/370867\/"},"modified":"2025-09-06T15:07:10","modified_gmt":"2025-09-06T15:07:10","slug":"france-musique-est-a-vous-du-samedi-06-septembre-2025","status":"publish","type":"post","link":"https:\/\/www.europesays.com\/fr\/370867\/","title":{"rendered":"France Musique est \u00e0 vous du samedi 06 septembre 2025"},"content":{"rendered":"<p>Partagez avec nous vos coups de c\u0153ur musicaux\u00a0!<\/p>\n<p class=\"PopSlotParagraph qg-tx2 qg-xtra-lh svelte-1r0pyek\"><strong>&#8211; Par \u00e9crit<\/strong>\u00a0: via e-mail\u00a0\u00e0 l&rsquo;adresse\u00a0<a href=\"https:\/\/www.radiofrance.fr\/francemusique\/podcasts\/france-musique-est-a-vous\/mailto:francemusiqueestavous@radiofrance.com\" class=\"\" data-testid=\"link\" rel=\"nofollow noopener\" target=\"_blank\"><strong>francemusiqueestavous@radiofrance.com<\/strong><\/a>\u00a0ou sur les\u00a0<strong>r\u00e9seaux sociaux<\/strong>\u00a0(<a href=\"https:\/\/twitter.com\/francemusique?ref_src=twsrc%255Egoogle%257Ctwcamp%255Eserp%257Ctwgr%255Eauthor\" target=\"_blank\" rel=\"noopener noreferrer nofollow\" class=\"\" data-testid=\"link\">Twitter<\/a><a href=\"https:\/\/twitter.com\/francemusique\" target=\"_blank\" rel=\"noopener noreferrer nofollow\" class=\"\" data-testid=\"link\">,<\/a><a href=\"https:\/\/www.instagram.com\/francemusique\/?hl=fr\" target=\"_blank\" rel=\"noopener noreferrer nofollow\" class=\"\" data-testid=\"link\">Instagram<\/a>\u00a0et\u00a0<a href=\"https:\/\/www.facebook.com\/FranceMusique\/\" target=\"_blank\" rel=\"noopener noreferrer nofollow\" class=\"\" data-testid=\"link\">Facebook<\/a>\u00a0)<br \/><strong>&#8211; Par message vocal<\/strong>\u00a0sur notre r\u00e9pondeur\u00a0t\u00e9l\u00e9phonique au\u00a0<strong>01 56 40 66 40<\/strong>\u00a0(ou sur un dictaphone pour nous l&rsquo;adresser par e-mail). Dans ce message vous pouvez \u00e9voquer la raison de votre choix musical, les \u00e9motions\/ressentis que vous procure l&rsquo;\u0153uvre ou tout simplement nous partager vos r\u00e9actions \u00e0 propos de notre \u00e9mission<\/p>\n<p> Au programme de ce samedi 6 septembre 2025 :<\/p>\n<ul>\n<li>6h50 &amp; 8h15 :\u00a0<strong>Le Jeu &#8211;<\/strong> Tentez de gagner le dernier CD de Jonas Kaufmann,\u00a0Schumann\u00a0: Dichterliebe &amp; Kerner-Lieder \/ Doppelg\u00e4nger<\/li>\n<li>7h20 :\u00a0<strong>Samedi \u00e0 l&rsquo;Op\u00e9ra<\/strong>\u00a0&#8211; Judith Chaine pr\u00e9sente Les Noces de Figaro de Mozart<\/li>\n<li>7h40 :\u00a0<strong>Actu &#8211;<\/strong>\u00a0La violoniste Fanny Clamagirand pour le festival Les Classiques de la Villa Charlotte des Sables-d&rsquo;Olonne (Vend\u00e9e)<\/li>\n<li>7h50 :\u00a0<strong>Maxxi Classique<\/strong>\u00a0par Max Dozolme &#8211;\u00a0Church of Anthrax\u00a0: l&rsquo;album le plus pop de Terry Riley<\/li>\n<li>8h01 :\u00a0<strong>Le Zap<\/strong><\/li>\n<li>8h30 :\u00a0<strong>FMEAV Junior<\/strong><\/li>\n<\/ul>\n<p>\ud83c\udfb2Le jeu<\/p>\n<p class=\"PopSlotParagraph qg-tx2 qg-xtra-lh svelte-1r0pyek\">Tentez de gagner le nouveau disque\u00a0Jonas Kaufmann,\u00a0Schumann\u00a0: Dichterliebe &amp; Kerner-Lieder \/ Doppelg\u00e4nger<br \/>Envoyez-nous vos r\u00e9ponses \u00e0 l&rsquo;adresse mail de l&rsquo;\u00e9mission\u00a0:\u00a0<a href=\"https:\/\/www.radiofrance.fr\/francemusique\/podcasts\/france-musique-est-a-vous\/mailto:Francemusiqueestavous@radiofrance.com\" class=\"\" data-testid=\"link\" rel=\"nofollow noopener\" target=\"_blank\">Francemusiqueestavous@radiofrance.com<\/a>\u00a0!<\/p>\n<p> \ud83c\udfbc Samedi \u00e0 l&rsquo;op\u00e9ra<\/p>\n<p class=\"PopSlotParagraph qg-tx2 qg-xtra-lh svelte-1r0pyek\">Judith Chaine pr\u00e9sente l&rsquo;un des chefs d&rsquo;\u0153uvre de Mozart\u00a0: Le nozze di Figaro (Les Noces de Figaro), K 492<\/p>\n<p class=\"PopSlotParagraph qg-tx2 qg-xtra-lh svelte-1r0pyek\">Concert donn\u00e9 le 27 juillet 2025 \u00e0 18h30 au Royal Albert Hall de Londres\u00a0dans le cadre du Festival des Proms.<\/p>\n<p> \ud83d\udcfa\u00a0Maestro sur Arte<\/p>\n<p class=\"PopSlotParagraph qg-tx2 qg-xtra-lh svelte-1r0pyek\"><a href=\"https:\/\/www.arte.tv\/fr\/videos\/126248-000-A\/fete-chorale-a-nuremberg-les-voix-du-monde\/\" target=\"_blank\" rel=\"noopener noreferrer nofollow\" class=\"\" data-testid=\"link\">Ce dimanche 7 septembre, \u00e0 18h25 sur Arte, en partenariat avec France Musique,\u00a0regardez\u00a0: F\u00eate chorale \u00e0 Nuremberg\u00a0: les voix du monde<\/a><\/p>\n<p class=\"PopSlotParagraph qg-tx2 qg-xtra-lh svelte-1r0pyek\">\u00ab\u00a0Tous les quatre\u00a0ans, plusieurs centaines de ch\u0153urs venus de toute l\u2019Europe se r\u00e9unissent en Allemagne pour un festival qui c\u00e9l\u00e8bre la joie de chanter ensemble. Cette ann\u00e9e, l\u2019\u00e9v\u00e9nement \u00e9tait organis\u00e9 \u00e0 Nuremberg\u00a0: ce sont pr\u00e8s de 400\u00a0ch\u0153urs d\u2019Allemagne, d\u2019Afrique et d\u2019Europe qui ont chant\u00e9 ensemble sous la devise des \u00ab\u00a0Voix de la diversit\u00e9\u00a0\u00bb.<\/p>\n<p class=\"PopSlotParagraph qg-tx2 qg-xtra-lh svelte-1r0pyek\">Coordonn\u00e9s par l\u2019Association chorale allemande, amateurs et professionnels proposent des concerts de rue auquel se m\u00ealent avec joie et enthousiasme les passants. Rencontre avec deux artistes \u00e0 l\u2019honneur\u00a0: le musicien fran\u00e7ais trentenaire R\u00e9mi Leclerc, venu avec l\u2019ensemble Les Humanophones, qui allient voix, percussions corporelles et th\u00e9\u00e2tre, et la violoniste Anne Schoenholtz, qui anime des rencontres et interviews tout au long de l\u2019\u00e9v\u00e9nement.\u00a0\u00bb (Source\u00a0: arte)<\/p>\n<p> \ud83c\udfa4Actu<\/p>\n<p class=\"PopSlotParagraph qg-tx2 qg-xtra-lh svelte-1r0pyek\">A l&rsquo;occasion du Festival les\u00a0<strong>Classiques de la Villa Charlotte,<\/strong>\u00a0qui se d\u00e9roulera aux Sables d\u2019Olonne du 11 au 14 septembre, \u00a0nous recevons la violoniste fran\u00e7aise Fanny Clamagirand qui en est la directrice artistique.<\/p>\n<p class=\"PopSlotParagraph qg-tx2 qg-xtra-lh svelte-1r0pyek\"><a href=\"https:\/\/www.fannyclamagirand.com\/fr\/festival\/\" target=\"_blank\" rel=\"noopener noreferrer nofollow\" class=\"\" data-testid=\"link\">Lien vers le site du festival<\/a><\/p>\n<p> \ud83c\udfb5Maxi Classique par Max Dozolme<\/p>\n<p class=\"PopSlotParagraph qg-tx2 qg-xtra-lh svelte-1r0pyek\">Church of Anthrax\u00a0: l&rsquo;album le plus pop de Terry Riley<\/p>\n<p> \ud83c\udfa7Le Zap <\/p>\n<p class=\"Audio-title qg-st5 svelte-n0q4ie\">Le Zap du samedi 6 septembre 2025<\/p>\n<p class=\"Audio-duration qg-tx3 svelte-n0q4ie\">1 min<\/p>\n<p> \ud83c\udfa0 France Musique est \u00e0 vous Junior<\/p>\n<p class=\"PopSlotParagraph qg-tx2 qg-xtra-lh svelte-1r0pyek\"><strong>Le podcast\u00a0:<\/strong>\u00a0LES ZINSTRUS\u00a0 &#8211; le trombone<br \/><strong>L&rsquo;\u0153uvre de jeunesse\u00a0:<\/strong>\u00a0Le d\u00e9pit de la berg\u00e8re d&rsquo;Hector Berlioz<br \/><strong>Le Labo musical de Nico\u00a0:<\/strong>\u00a0Peut-on chanter plusieurs notes en m\u00eame temps avec sa voix\u00a0?<br \/><strong>Le r\u00e9pondeur des enfants\u00a0:<\/strong>\u00a0Gabriel nous propose d&rsquo;\u00e9couter la premi\u00e8re Gymnop\u00e9die d&rsquo;Erik Satie<br \/><strong>Les concerts p\u00e9dagogiques<\/strong><\/p>\n<p> <script async src=\"https:\/\/platform.twitter.com\/widgets.js\" charset=\"utf-8\"><\/script><script async src=\"\/\/www.instagram.com\/embed.js\"><\/script><\/p>\n","protected":false},"excerpt":{"rendered":"Partagez avec nous vos coups de c\u0153ur musicaux\u00a0! &#8211; Par \u00e9crit\u00a0: via e-mail\u00a0\u00e0 l&rsquo;adresse\u00a0francemusiqueestavous@radiofrance.com\u00a0ou sur les\u00a0r\u00e9seaux sociaux\u00a0(Twitter,Instagram\u00a0et\u00a0Facebook\u00a0)&#8211; Par&hellip;\n","protected":false},"author":2,"featured_media":370868,"comment_status":"","ping_status":"","sticky":false,"template":"","format":"standard","meta":{"footnotes":""},"categories":[1355],"tags":[58,59,1011,27,1361,873],"class_list":{"0":"post-370867","1":"post","2":"type-post","3":"status-publish","4":"format-standard","5":"has-post-thumbnail","7":"category-musique","8":"tag-divertissement","9":"tag-entertainment","10":"tag-fr","11":"tag-france","12":"tag-music","13":"tag-musique"},"share_on_mastodon":{"url":"https:\/\/pubeurope.com\/@fr\/115157981215040277","error":""},"_links":{"self":[{"href":"https:\/\/www.europesays.com\/fr\/wp-json\/wp\/v2\/posts\/370867","targetHints":{"allow":["GET"]}}],"collection":[{"href":"https:\/\/www.europesays.com\/fr\/wp-json\/wp\/v2\/posts"}],"about":[{"href":"https:\/\/www.europesays.com\/fr\/wp-json\/wp\/v2\/types\/post"}],"author":[{"embeddable":true,"href":"https:\/\/www.europesays.com\/fr\/wp-json\/wp\/v2\/users\/2"}],"replies":[{"embeddable":true,"href":"https:\/\/www.europesays.com\/fr\/wp-json\/wp\/v2\/comments?post=370867"}],"version-history":[{"count":0,"href":"https:\/\/www.europesays.com\/fr\/wp-json\/wp\/v2\/posts\/370867\/revisions"}],"wp:featuredmedia":[{"embeddable":true,"href":"https:\/\/www.europesays.com\/fr\/wp-json\/wp\/v2\/media\/370868"}],"wp:attachment":[{"href":"https:\/\/www.europesays.com\/fr\/wp-json\/wp\/v2\/media?parent=370867"}],"wp:term":[{"taxonomy":"category","embeddable":true,"href":"https:\/\/www.europesays.com\/fr\/wp-json\/wp\/v2\/categories?post=370867"},{"taxonomy":"post_tag","embeddable":true,"href":"https:\/\/www.europesays.com\/fr\/wp-json\/wp\/v2\/tags?post=370867"}],"curies":[{"name":"wp","href":"https:\/\/api.w.org\/{rel}","templated":true}]}}