{"id":370869,"date":"2025-09-06T15:08:12","date_gmt":"2025-09-06T15:08:12","guid":{"rendered":"https:\/\/www.europesays.com\/fr\/370869\/"},"modified":"2025-09-06T15:08:12","modified_gmt":"2025-09-06T15:08:12","slug":"3-films-a-voir-absolument-pour-cette-rentree","status":"publish","type":"post","link":"https:\/\/www.europesays.com\/fr\/370869\/","title":{"rendered":"3 films \u00e0 voir absolument pour cette rentr\u00e9e"},"content":{"rendered":"<p>Les vacances sont termin\u00e9es et les abonn\u00e9s Canal+ sont d\u00e9j\u00e0 en qu\u00eate de divertissements \u00e0 d\u00e9vorer depuis le confort de leur salon. \u00c7a tombe plut\u00f4t bien, la plateforme accueille de jolies nouveaut\u00e9s en ce mois de septembre. De l\u2019animation \u00e0 d\u00e9couvrir en famille, de l\u2019horreur et de la com\u00e9die, il y en aura pour tous les go\u00fbts. La r\u00e9daction a s\u00e9lectionn\u00e9 les trois films immanquables.<\/p>\n<p> M\u00e9moires d\u2019un escargot d\u2019Adam Elliot \u2014 \u00e0 regarder en famille <\/p>\n<p>Sorti au d\u00e9but de l\u2019ann\u00e9e au cin\u00e9ma, M\u00e9moires d\u2019un escargot a eu une discr\u00e8te carri\u00e8re dans les salles obscures. Pourtant, le film d\u2019Adam Elliott ne manque pas d\u2019arguments pour nous convaincre. D\u2019abord, son animation en stop-motion qui prouve que <strong>le m\u00e9dium est l\u2019un des plus vivants et vibrants<\/strong> qui existe. Des fils de fer, de la glaise et quelques bouts de tissu, le monde du r\u00e9alisateur a beau \u00eatre fait de bric et de broc, <strong>il est d\u2019une richesse inou\u00efe<\/strong>. Que ce soit dans les recoins sombres d\u2019une maison de banlieue ou les all\u00e9es anim\u00e9es d\u2019une f\u00eate foraine,\u00a0M\u00e9moires d\u2019un escargot\u00a0est <strong>un \u00e9merveillement constant. <a href=\"https:\/\/www.journaldugeek.com\/2025\/01\/14\/mercredi-cine-memoire-dun-escargot-est-notre-film-coup-de-coeur\/\" target=\"_blank\" rel=\"noopener\">Notre critique<\/a>.\u00a0<\/strong><\/p>\n<p>    <a href=\"https:\/\/www.youtube.com\/user\/JournalduGeek?sub_confirmation=1\" target=\"_blank\" rel=\"nofollow noopener\"><br \/>\n        S&rsquo;abonner \u00e0 Journal du Geek<br \/>\n    <\/a> \u00c7a raconte quoi\u00a0? <\/p>\n<p>Le film retrace la vie d\u2019une jeune femme p\u00e9trie de complexes et de traumatismes. \u00c0 la mort de son p\u00e8re, la vie heureuse de la marginale Grace Pudel bascule. Elle <strong>est arrach\u00e9e \u00e0 son fr\u00e8re jumeau Gilbert<\/strong> et envoy\u00e9e dans une famille d\u2019accueil qui l\u2019ignore. Elle s\u2019enfonce dans le d\u00e9sespoir lorsque sa route croise celle de Pinky, une vieille dame excentrique qui va lui offrir une seconde chance d\u2019\u00eatre heureuse.<\/p>\n<p> Nosferatu de Robert Eggers \u2014 pour du grand frisson <\/p>\n<p>Le monument du cin\u00e9ma d\u2019horreur passe entre les mains du r\u00e9alisateur de The Witch et The Lighthouse. Robert Eggers convoque Bill Skarsg\u00e5rd, Lily-Rose Depp et Nicholas Hoult pour une fable fantastique et effrayante sur le d\u00e9sir f\u00e9minin et l\u2019emprise. Son Nosferatu est une relecture mordante, captivante et exceptionnelle du film de 1922. D\u2019abord son esth\u00e9tique, \u00e0 faire p\u00e2lir nombre de sagas d\u2019horreur r\u00e9centes. Son style avait d\u00e9j\u00e0 surpris avec The Witch mais ce nouveau m\u00e9trage impose un peu plus son style. Une esth\u00e9tique saisissante, qui va piocher chez Murnau autant que Friedkin et Coppola. Nosferatu est un bijou d\u2019artisanat o\u00f9 chaque choix d\u2019\u00e9clairage surprend, o\u00f9 le travail du son participe \u00e0 faire \u00e9clore une ambiance d\u00e9rangeante. <a href=\"https:\/\/www.journaldugeek.com\/critique\/critique-nosferatu-remake-vampirique-dans-de-beaux-dracula\/\" target=\"_blank\" rel=\"noopener\">Notre critique.<\/a><\/p>\n<p>Ellen Hunter est tourment\u00e9e par des visions cauchemardesques depuis son adolescente. Lorsque son \u00e9poux Thomas, clerc de notaire, se rend chez un client en Transylvanie, les crises d\u2019Ellen s\u2019intensifient au point o\u00f9 son \u00e9tat de sant\u00e9 inqui\u00e8te ses proches. Elle est sous l\u2019emprise d\u2019Orlock, un vampire porteur de mort qui s\u2019appr\u00eate \u00e0 envahir la petite ville de Wisborg et \u00e0 y amener la peste.<\/p>\n<p> Scandaleusement v\u00f4tre de Thea Sharrock \u2014 pour l\u2019humour british d\u00e9capant <\/p>\n<p>\u00c7a vous dit une com\u00e9die un brin timbr\u00e9e \u00e0 d\u00e9vorer entre amis\u00a0? C\u2019est exactement ce que propose Scandaleusement v\u00f4tre de Thea Sharrock. Port\u00e9 par une Olivia Colman au sommet de sa forme, toujours captivante, le film a le charme des com\u00e9dies britanniques, le vocabulaire d\u2019un charretier et on ne boude pas son plaisir \u00e0 d\u00e9couvrir cette querelle inspir\u00e9e de faits r\u00e9els. S\u2019il ne r\u00e9volutionne rien, ce m\u00e9trage est une jolie surprise.<\/p>\n<p>Dans une petite ville britannique, en 1920 , Edith Swan commence \u00e0 recevoir des lettres anonymes truff\u00e9es d\u2019injures. Sa voisine irlandaise, Rose Gooding est rapidement accus\u00e9e d\u2019\u00eatre ce corbeau aux mani\u00e8res discutables. Mais Rose clame son innocence et la polici\u00e8re Gladys Moss tend de plus en plus \u00e0 la croire\u2026.<\/p>\n<p>  \u00c0 voir aussi <\/p>\n<ul>\n<li>La vie en gros\u00a0<\/li>\n<li>Maxxxine\u00a0<\/li>\n<li>Transformers\u00a0: le commencement\u00a0<\/li>\n<li>Wicked\u00a0<\/li>\n<li>Smile 2<\/li>\n<li>Vingt Dieux<\/li>\n<\/ul>\n<blockquote>\n<p class=\"text-base text-neutral-700 dark:text-neutral-300\">\ud83d\udfe3 Pour ne manquer aucune news sur le Journal du Geek, abonnez-vous sur <a href=\"https:\/\/news.google.com\/publications\/CAAqBwgKMNr_hAswwYyCAw?hl=fr&amp;gl=FR&amp;ceid=FR%3Afr\" target=\"_blank\" rel=\"noopener\">Google Actualit\u00e9s<\/a> et sur <a href=\"https:\/\/whatsapp.com\/channel\/0029VaClM5y4tRry12tb7D2h\" target=\"_blank\" rel=\"noopener\">notre WhatsApp<\/a>. Et si vous nous adorez, on a <a href=\"https:\/\/www.journaldugeek.com\/newsletter\/\" target=\"_blank\" rel=\"noopener\">une newsletter tous les matins<\/a>.<\/p>\n<\/blockquote>\n","protected":false},"excerpt":{"rendered":"Les vacances sont termin\u00e9es et les abonn\u00e9s Canal+ sont d\u00e9j\u00e0 en qu\u00eate de divertissements \u00e0 d\u00e9vorer depuis le&hellip;\n","protected":false},"author":2,"featured_media":370870,"comment_status":"","ping_status":"","sticky":false,"template":"","format":"standard","meta":{"footnotes":""},"categories":[1354],"tags":[10474,4228,58,59,1346,1011,27,1408,1360],"class_list":{"0":"post-370869","1":"post","2":"type-post","3":"status-publish","4":"format-standard","5":"has-post-thumbnail","7":"category-films","8":"tag-canal","9":"tag-comedie","10":"tag-divertissement","11":"tag-entertainment","12":"tag-films","13":"tag-fr","14":"tag-france","15":"tag-horreur","16":"tag-movies"},"share_on_mastodon":{"url":"https:\/\/pubeurope.com\/@fr\/115157985079806851","error":""},"_links":{"self":[{"href":"https:\/\/www.europesays.com\/fr\/wp-json\/wp\/v2\/posts\/370869","targetHints":{"allow":["GET"]}}],"collection":[{"href":"https:\/\/www.europesays.com\/fr\/wp-json\/wp\/v2\/posts"}],"about":[{"href":"https:\/\/www.europesays.com\/fr\/wp-json\/wp\/v2\/types\/post"}],"author":[{"embeddable":true,"href":"https:\/\/www.europesays.com\/fr\/wp-json\/wp\/v2\/users\/2"}],"replies":[{"embeddable":true,"href":"https:\/\/www.europesays.com\/fr\/wp-json\/wp\/v2\/comments?post=370869"}],"version-history":[{"count":0,"href":"https:\/\/www.europesays.com\/fr\/wp-json\/wp\/v2\/posts\/370869\/revisions"}],"wp:featuredmedia":[{"embeddable":true,"href":"https:\/\/www.europesays.com\/fr\/wp-json\/wp\/v2\/media\/370870"}],"wp:attachment":[{"href":"https:\/\/www.europesays.com\/fr\/wp-json\/wp\/v2\/media?parent=370869"}],"wp:term":[{"taxonomy":"category","embeddable":true,"href":"https:\/\/www.europesays.com\/fr\/wp-json\/wp\/v2\/categories?post=370869"},{"taxonomy":"post_tag","embeddable":true,"href":"https:\/\/www.europesays.com\/fr\/wp-json\/wp\/v2\/tags?post=370869"}],"curies":[{"name":"wp","href":"https:\/\/api.w.org\/{rel}","templated":true}]}}