{"id":370881,"date":"2025-09-06T15:14:10","date_gmt":"2025-09-06T15:14:10","guid":{"rendered":"https:\/\/www.europesays.com\/fr\/370881\/"},"modified":"2025-09-06T15:14:10","modified_gmt":"2025-09-06T15:14:10","slug":"oui-le-pays-a-perdu-plus-de-900-000-habitants-en-une-annee-seulement","status":"publish","type":"post","link":"https:\/\/www.europesays.com\/fr\/370881\/","title":{"rendered":"Oui, le pays a perdu plus de 900.000 habitants en une ann\u00e9e seulement"},"content":{"rendered":"<p>Le <a href=\"https:\/\/www.20minutes.fr\/dossier\/japon\" class=\"c-link c-link--is-underlined\" rel=\"nofollow noopener\" target=\"_blank\">Japon <\/a>serait-il menac\u00e9 d\u2019<a href=\"https:\/\/www.20minutes.fr\/monde\/japon\/4128774-20241213-si-japonais-continuent-plus-faire-amour-disparu-100-ans\" class=\"c-link c-link--is-underlined\" rel=\"nofollow noopener\" target=\"_blank\">extinction<\/a>\u00a0? Ce message fleurit sur les r\u00e9seaux sociaux depuis plusieurs semaines. En cause\u00a0: le pays aurait perdu 900.000 habitants seulement en\u00a02024, et encore pire, il s\u2019agirait de la <a href=\"https:\/\/www.20minutes.fr\/monde\/japon\/4094611-20240605-japon-face-effondrement-naissances-mairie-tokyo-lance-appli-rencontres\" class=\"c-link c-link--is-underlined\" rel=\"nofollow noopener\" target=\"_blank\">16e ann\u00e9e cons\u00e9cutive<\/a> de <a href=\"https:\/\/www.20minutes.fr\/monde\/japon\/4128229-20241209-japon-tokyo-propose-semaine-quatre-jours-fonctionnaires-encourager-faire-amour-oui-oui\" class=\"c-link c-link--is-underlined\" rel=\"nofollow noopener\" target=\"_blank\">baisse de la population<\/a>, selon des internautes.<\/p>\n<p>Et il ne s\u2019agit pas l\u00e0 d\u2019un d\u00e9part des Japonais vers l\u2019\u00e9tranger. Les raisons avanc\u00e9es sur les r\u00e9seaux sont les suivantes\u00a0: \u00ab\u00a0Une faible f\u00e9condit\u00e9, un manque de jeunes et une population vieillissante.\u00a0\u00bb En bref, les naissances seraient en chute libre.<\/p>\n<blockquote class=\"twitter-tweet\" align=\"center\" data-lang=\"fr_FR\">\n<p lang=\"fr\" dir=\"ltr\"><a href=\"https:\/\/twitter.com\/hashtag\/Japon?src=hash&amp;ref_src=twsrc%5Etfw\" rel=\"nofollow noopener\" target=\"_blank\">#Japon<\/a> \ud83c\uddef\ud83c\uddf5\ud83d\udc68\u200d\ud83d\udc69\u200d\ud83d\udc67\u200d\ud83d\udc66<br \/>En raison d&rsquo;une faible f\u00e9condit\u00e9, d&rsquo;un manque de jeunes et d&rsquo;une population vieillissante, le Japon est menac\u00e9 d&rsquo;extinction.<\/p>\n<p>La population japonaise a diminu\u00e9 d&rsquo;environ 900\u00a0000 personnes l&rsquo;ann\u00e9e derni\u00e8re. \u274c <a href=\"https:\/\/t.co\/vcPBHwM84c\" rel=\"nofollow\">pic.twitter.com\/vcPBHwM84c<\/a><\/p>\n<p>\u2014 M. X. \ud83d\udcf0 (@malkoomx00) <a href=\"https:\/\/twitter.com\/malkoomx00\/status\/1953877840811761693?ref_src=twsrc%5Etfw\" rel=\"nofollow noopener\" target=\"_blank\">August 8, 2025<\/a><\/p><\/blockquote>\n<p class=\"mb-xxl@xs color-ultramarine font-weight-semi-bold@xs font-source-serif-pro heading-s@xs\">L\u2019acc\u00e8s \u00e0 ce contenu a \u00e9t\u00e9 bloqu\u00e9 afin de respecter votre choix de consentement<\/p>\n<p class=\"mb-m@xs text-l@xs\">En cliquant sur\u00ab J\u2019accepte \u00bb, vous acceptez le d\u00e9p\u00f4t de cookies par des services externes et aurez ainsi acc\u00e8s aux contenus de nos partenaires.<\/p>\n<p class=\"mb-xl@xs text-s@xs\">Plus d\u2019informations sur la page<a href=\"https:\/\/www.20minutes.fr\/gestion-cookies\" class=\"mx-xxs@xs color-ultramarine\" rel=\"nofollow noopener\" target=\"_blank\">Politique de gestion des cookies<\/a><\/p>\n<p>J\u2019accepte<\/p>\n<p>Certains s\u2019inqui\u00e8tent m\u00eame pour la France\u00a0: \u00ab\u00a0On nous a annonc\u00e9 que la <a href=\"https:\/\/www.20minutes.fr\/societe\/4165078-20250724-demographie-plus-deces-naissances-france-quoi-va-ressembler-population-2070\" class=\"c-link c-link--is-underlined\" rel=\"nofollow noopener\" target=\"_blank\">population diminuait pour la premi\u00e8re fois<\/a> depuis longtemps cette ann\u00e9e, on va finir comme eux.\u00a0\u00bb<\/p>\n<p>FAKE OFF<\/p>\n<p>Si vous \u00eates tomb\u00e9s sur une publication de ce type sur les r\u00e9seaux sociaux, elle \u00e9tait probablement accompagn\u00e9e de <a href=\"https:\/\/x.com\/tritrir13\/status\/1962397517896658972\" target=\"_blank\" class=\"c-link c-link--is-underlined\" rel=\"nofollow\">vid\u00e9os d\u2019une manifestation anti-immigration<\/a> au Japon. Et si ce chiffre de 900.000 habitants en moins a fait le tour du monde, c\u2019est notamment \u00e0 cause de \u00e7a.<\/p>\n<p>Les internautes se sont \u00e9tonn\u00e9s de voir un pays qui fait face \u00e0 une telle diminution de sa population manifester contre l\u2019accueil de nouvelles personnes. Mais \u00e0 l\u2019inverse, d\u2019autres s\u2019en sont f\u00e9licit\u00e9s. D\u2019ailleurs, <a href=\"https:\/\/www.20minutes.fr\/dossier\/elon_musk\" class=\"c-link c-link--is-underlined\" rel=\"nofollow noopener\" target=\"_blank\">Elon Musk<\/a> a apport\u00e9 son soutien \u00e0 ces manifestations et plus particuli\u00e8rement au parti \u00ab\u00a0Les Japonais d\u2019abord\u00a0\u00bb, qui a effectu\u00e9 une perc\u00e9e lors de r\u00e9centes \u00e9lections nationales. Un pays o\u00f9 l\u2019immigration reste tr\u00e8s faible, rappelons-le.<\/p>\n<p><a href=\"https:\/\/www.20minutes.fr\/societe\/desintox\/\" class=\"c-link c-btn c-btn--primary\" rel=\"nofollow noopener\" target=\"_blank\">Notre rubrique Fake Off<\/a>Plus d\u2019un quart de la population a plus de 65 ans<\/p>\n<p>Mais alors le Japon a-t-il vraiment perdu 900.000 habitants en une seule ann\u00e9e\u00a0? Selon <a href=\"https:\/\/www.e-stat.go.jp\/en\/stat-search\/files?page=1&amp;layout=datalist&amp;toukei=00200524&amp;tstat=000000090001&amp;cycle=1&amp;tclass1=000001011678&amp;tclass2val=0&amp;metadata=1&amp;data=1\" target=\"_blank\" class=\"c-link c-link--is-underlined\" rel=\"nofollow noopener\">les statistiques<\/a> sur la population locale, l\u2019Empire du soleil levant comptait 121,052\u00a0millions d\u2019habitants en janvier\u00a02024. Un an plus tard, il ne comptait plus que 120,149\u00a0millions d\u2019habitants de nationalit\u00e9 japonaise. Soit une baisse de 903.000 personnes, plus pr\u00e9cis\u00e9ment.<\/p>\n<p>Il s\u2019agit de la plus forte baisse jamais enregistr\u00e9e depuis que le gouvernement a commenc\u00e9 \u00e0 collecter des donn\u00e9es comparables en\u00a01950, selon le minist\u00e8re des Affaires int\u00e9rieures. Sur les dix derni\u00e8res ann\u00e9es, la population totale a recul\u00e9 d\u2019environ 4\u00a0millions de personnes au Japon. Que les internautes qui s\u2019alarmaient de la situation de la France par rapport \u00e0 celle du Japon se rassurent, on en est encore bien loin.<\/p>\n<p>Par tranche d\u2019\u00e2ge, les Japonais de 65 ans et plus repr\u00e9sentent d\u00e9sormais 29,58\u00a0% de la population, tandis que les 15-64 ans constituent 59,04\u00a0%.<\/p>\n<p>L\u2019immigration permet de limiter la casse<\/p>\n<p>Mais cette diminution sur l\u2019ann\u00e9e\u00a02024 a pu \u00eatre limit\u00e9e gr\u00e2ce \u00e0 l\u2019immigration. En prenant en compte l\u2019arriv\u00e9e des \u00e9trangers, la population globale du Japon a diminu\u00e9 de seulement 591.000 personnes en\u00a02024. On se rend donc bien compte de l\u2019ironie de ces manifestations dans le pays.<\/p>\n<\/p>\n<p>\u00ab\u00a0La baisse du taux de natalit\u00e9 se poursuit parce que de nombreuses personnes qui souhaitent \u00e9lever des enfants ne sont pas en mesure de r\u00e9aliser leurs souhaits\u00a0\u00bb, avait expliqu\u00e9 le porte-parole du gouvernement japonais en avril. Les jeunes Japonais se marient et font des enfants plus tard qu\u2019avant. En cause\u00a0: leurs carri\u00e8res professionnelles, ou encore la pr\u00e9carit\u00e9 de l\u2019emploi.<\/p>\n<p>Le probl\u00e8me ne reste toutefois pas sans r\u00e9ponse du gouvernement. Le Premier ministre avait qualifi\u00e9 la situation \u00ab\u00a0d\u2019urgence silencieuse\u00a0\u00bb. Le gouvernement tente \u00e9galement d\u2019augmenter le salaire des jeunes tout en offrant une aide \u00e0 l\u2019\u00e9ducation des enfants.<\/p>\n<p><script async src=\"https:\/\/platform.twitter.com\/widgets.js\" charset=\"utf-8\"><\/script><\/p>\n","protected":false},"excerpt":{"rendered":"Le Japon serait-il menac\u00e9 d\u2019extinction\u00a0? Ce message fleurit sur les r\u00e9seaux sociaux depuis plusieurs semaines. En cause\u00a0: le&hellip;\n","protected":false},"author":2,"featured_media":370882,"comment_status":"","ping_status":"","sticky":false,"template":"","format":"standard","meta":{"footnotes":""},"categories":[5],"tags":[47,11,6969,840,1011,27,1061,14,2070,74,6968,12,11287,28],"class_list":{"0":"post-370881","1":"post","2":"type-post","3":"status-publish","4":"format-standard","5":"has-post-thumbnail","7":"category-international","8":"tag-actualite","9":"tag-actualites","10":"tag-demographie","11":"tag-fake-off","12":"tag-fr","13":"tag-france","14":"tag-immigration","15":"tag-international","16":"tag-japon","17":"tag-monde","18":"tag-mortalite","19":"tag-news","20":"tag-taux-de-natalite","21":"tag-world"},"share_on_mastodon":{"url":"https:\/\/pubeurope.com\/@fr\/115158008705366451","error":""},"_links":{"self":[{"href":"https:\/\/www.europesays.com\/fr\/wp-json\/wp\/v2\/posts\/370881","targetHints":{"allow":["GET"]}}],"collection":[{"href":"https:\/\/www.europesays.com\/fr\/wp-json\/wp\/v2\/posts"}],"about":[{"href":"https:\/\/www.europesays.com\/fr\/wp-json\/wp\/v2\/types\/post"}],"author":[{"embeddable":true,"href":"https:\/\/www.europesays.com\/fr\/wp-json\/wp\/v2\/users\/2"}],"replies":[{"embeddable":true,"href":"https:\/\/www.europesays.com\/fr\/wp-json\/wp\/v2\/comments?post=370881"}],"version-history":[{"count":0,"href":"https:\/\/www.europesays.com\/fr\/wp-json\/wp\/v2\/posts\/370881\/revisions"}],"wp:featuredmedia":[{"embeddable":true,"href":"https:\/\/www.europesays.com\/fr\/wp-json\/wp\/v2\/media\/370882"}],"wp:attachment":[{"href":"https:\/\/www.europesays.com\/fr\/wp-json\/wp\/v2\/media?parent=370881"}],"wp:term":[{"taxonomy":"category","embeddable":true,"href":"https:\/\/www.europesays.com\/fr\/wp-json\/wp\/v2\/categories?post=370881"},{"taxonomy":"post_tag","embeddable":true,"href":"https:\/\/www.europesays.com\/fr\/wp-json\/wp\/v2\/tags?post=370881"}],"curies":[{"name":"wp","href":"https:\/\/api.w.org\/{rel}","templated":true}]}}