{"id":370883,"date":"2025-09-06T15:15:10","date_gmt":"2025-09-06T15:15:10","guid":{"rendered":"https:\/\/www.europesays.com\/fr\/370883\/"},"modified":"2025-09-06T15:15:10","modified_gmt":"2025-09-06T15:15:10","slug":"thomas-legrand-et-patrick-cohen-repondent-a-la-polemique-apres-des-propos-maladroits-tenus-sur-rachida-dati","status":"publish","type":"post","link":"https:\/\/www.europesays.com\/fr\/370883\/","title":{"rendered":"Thomas Legrand et Patrick Cohen r\u00e9pondent \u00e0 la pol\u00e9mique apr\u00e8s des propos \u00ab\u00a0maladroits\u00a0\u00bb tenus sur Rachida Dati"},"content":{"rendered":"<p>            Par<br \/>\n        <strong><br \/>\n            <a href=\"https:\/\/actu.fr\/auteur\/thomas-martin\" title=\"Consulter tous les articles de Thomas Martin\" rel=\"nofollow noopener\" target=\"_blank\">Thomas Martin<\/a><br \/>\n        <\/strong><\/p>\n<p>        Publi\u00e9 le<\/p>\n<p>            6 sept. 2025 \u00e0 15h09        <\/p>\n<p><strong>Thomas Legrand et Patrick Cohen<\/strong> r\u00e9ussiront-ils \u00e0 \u00e9teindre la pol\u00e9mique ? Le premier, journaliste et chroniqueur, mis en cause dans des images diffus\u00e9es par le m\u00e9dia conservateur L\u2019Incorrect, a reconnu samedi des \u00ab\u00a0propos maladroits\u00a0\u00bb \u00e0 l\u2019\u00e9gard de <a href=\"https:\/\/actu.fr\/tag\/rachida-dati\" rel=\"nofollow noopener\" target=\"_blank\">Rachida Dati<\/a> mais assum\u00e9 de \u00ab\u00a0s\u2019occuper journalistiquement\u00a0\u00bb de la ministre de la Culture.<\/p>\n<p>\u00ab\u00a0Je tiens des propos maladroits\u00a0\u00bb<\/p>\n<p class=\" wall-content\">Dans une vid\u00e9o diffus\u00e9e vendredi et film\u00e9e en juillet \u00e0 l\u2019insu des participants dans un restaurant parisien, les journalistes Thomas Legrand et Patrick Cohen \u00e9changent avec deux responsables du Parti socialiste: son secr\u00e9taire g\u00e9n\u00e9ral, Pierre Jouvet, et le pr\u00e9sident de son conseil national, Luc Broussy. Au cours de cette discussion, M. Legrand, qui travaille pour France Inter et Lib\u00e9ration, d\u00e9clare notamment: \u00ab\u00a0Nous, on fait ce qu\u2019il faut pour Dati, Patrick (Cohen) et moi\u00a0\u00bb.<\/p>\n<p class=\" wall-content\">\n<p class=\" wall-content\">\u00ab\u00a0Je comprends que la diffusion de cette vid\u00e9o, enregistr\u00e9e \u00e0 l\u2019insu des protagonistes et qui plus est tronqu\u00e9e, puisse susciter de la suspicion\u00a0\u00bb, a r\u00e9agi Thomas Legrand dans un message transmis samedi \u00e0 l\u2019AFP.<\/p>\n<p class=\" wall-content\">\u00ab\u00a0Je tiens des propos maladroits. (\u2026) Si la tournure, extraite d\u2019un \u00e9change tronqu\u00e9 et priv\u00e9, est malheureuse, j\u2019assume de \u2018m\u2019occuper\u2019 journalistiquement des mensonges de Madame Dati\u00a0\u00bb, \u00e9crit-il, quelques heures apr\u00e8s avoir \u00e9t\u00e9 suspendu \u00ab\u00a0\u00e0 titre conservatoire\u00a0\u00bb d\u2019antenne par France Inter.<\/p>\n<p class=\" wall-content\">\u00ab\u00a0Il est possible, par l\u2019interm\u00e9diaire d\u2019une vid\u00e9o vol\u00e9e, de mettre en cause l\u2019ensemble d\u2019une profession. Ceux et celles qui tomberont dans ce pi\u00e8ge \u00e9vident fouleront les principes qui fondent notre espace public, \u00e0 commencer par celui de la libert\u00e9 de la presse\u00a0\u00bb, ajoute-t-il.<\/p>\n<p>Les socialistes m\u00e9contents de France Inter<\/p>\n<p class=\" wall-content\">\u00ab\u00a0L\u2019ironie de l\u2019histoire, c\u2019est que ce rendez-vous avait \u00e9t\u00e9 sollicit\u00e9 par le PS, enfin par la direction du PS, parce qu\u2019ils ne sont pas contents du traitement du PS et d\u2019Olivier Faure (premier secr\u00e9taire du parti, NDLR) sur l\u2019antenne de France Inter. Donc c\u2019\u00e9tait tout sauf une r\u00e9union conspirative\u00a0\u00bb, a pour sa part r\u00e9agi Patrick Cohen, \u00e9ditorialiste politique sur France Inter et C \u00e0 vous (France 5), sollicit\u00e9 par l\u2019AFP.<\/p>\n<p class=\" wall-content\">Rachida Dati, investie comme candidate des R\u00e9publicains \u00e0 la mairie de Paris, avait de son c\u00f4t\u00e9 demand\u00e9 vendredi que des <a href=\"https:\/\/actu.fr\/ile-de-france\/paris_75056\/municipales-a-paris-rachida-dati-reagit-apres-les-propos-graves-tenus-par-un-journaliste-de-france-inter_63124886.html\" rel=\"nofollow noopener\" target=\"_blank\">mesures soient prises<\/a> envers les deux chroniqueurs.<br \/>\u00ab\u00a0Des journalistes du service public et Lib\u00e9ration affirment +faire ce qu\u2019il faut+ pour m\u2019\u00e9liminer de l\u2019\u00e9lection \u00e0 Paris. Des propos graves et contraires \u00e0 la d\u00e9ontologie qui peuvent exposer \u00e0 des sanctions. Chacun doit d\u00e9sormais prendre ses responsabilit\u00e9s\u00a0\u00bb, avait-elle r\u00e9agi sur X.<\/p>\n<p>Votre r\u00e9gion, votre actu !<\/p>\n<p>Recevez chaque jour les infos qui comptent pour vous.<\/p>\n<p>\t<a href=\"https:\/\/actu.fr\/newsletter\" class=\"ac-btn ac-btn--corner ac-btn--medium ac-btn--blue800\" rel=\"nofollow noopener\" target=\"_blank\">S&rsquo;incrire<\/a><\/p>\n<p class=\" wall-content\">\u00ab\u00a0Complot\u00a0\u00bb, \u00ab\u00a0infiltration\u00a0\u00bb, \u00ab\u00a0mafia\u00a0\u00bb: de Jean-Luc M\u00e9lenchon \u00e0 Jordan Bardella, plusieurs personnalit\u00e9s politiques ont par ailleurs vivement r\u00e9agi apr\u00e8s la diffusion de la vid\u00e9o.\u00a0<\/p>\n<p class=\" wall-content\">L\u2019Incorrect, fond\u00e9 en 2017 par des proches de Marion Mar\u00e9chal, s\u2019affirme comme \u00ab\u00a0conservateur\u00a0\u00bb et pr\u00f4ne une union des droites.<\/p>\n<p class=\" wall-content\"><strong>Avec AFP<\/strong><\/p>\n<p class=\" wall-content\">Personnalisez votre actualit\u00e9 en ajoutant vos villes et m\u00e9dias en favori avec <a href=\"https:\/\/moncompte.actu.fr\" title=\"D\u00e9couvez Mon Actu\" rel=\"nofollow noopener\" data-trk=\"{&quot;cta&quot;:{&quot;action&quot;:&quot;https:\\\/\\\/moncompte.actu.fr&quot;,&quot;category&quot;:&quot;mon compte&quot;,&quot;from&quot;:&quot;article footer&quot;,&quot;name&quot;:&quot;Mon actu&quot;,&quot;type&quot;:&quot;cta&quot;}}\" target=\"_blank\">Mon Actu<\/a>.<\/p>\n","protected":false},"excerpt":{"rendered":"Par Thomas Martin Publi\u00e9 le 6 sept. 2025 \u00e0 15h09 Thomas Legrand et Patrick Cohen r\u00e9ussiront-ils \u00e0 \u00e9teindre&hellip;\n","protected":false},"author":2,"featured_media":370884,"comment_status":"","ping_status":"","sticky":false,"template":"","format":"standard","meta":{"footnotes":""},"categories":[4],"tags":[11,4188,1011,27,12,316,25],"class_list":{"0":"post-370883","1":"post","2":"type-post","3":"status-publish","4":"format-standard","5":"has-post-thumbnail","7":"category-france","8":"tag-actualites","9":"tag-elections-municipales","10":"tag-fr","11":"tag-france","12":"tag-news","13":"tag-politique","14":"tag-republique-francaise"},"share_on_mastodon":{"url":"https:\/\/pubeurope.com\/@fr\/115158012602618037","error":""},"_links":{"self":[{"href":"https:\/\/www.europesays.com\/fr\/wp-json\/wp\/v2\/posts\/370883","targetHints":{"allow":["GET"]}}],"collection":[{"href":"https:\/\/www.europesays.com\/fr\/wp-json\/wp\/v2\/posts"}],"about":[{"href":"https:\/\/www.europesays.com\/fr\/wp-json\/wp\/v2\/types\/post"}],"author":[{"embeddable":true,"href":"https:\/\/www.europesays.com\/fr\/wp-json\/wp\/v2\/users\/2"}],"replies":[{"embeddable":true,"href":"https:\/\/www.europesays.com\/fr\/wp-json\/wp\/v2\/comments?post=370883"}],"version-history":[{"count":0,"href":"https:\/\/www.europesays.com\/fr\/wp-json\/wp\/v2\/posts\/370883\/revisions"}],"wp:featuredmedia":[{"embeddable":true,"href":"https:\/\/www.europesays.com\/fr\/wp-json\/wp\/v2\/media\/370884"}],"wp:attachment":[{"href":"https:\/\/www.europesays.com\/fr\/wp-json\/wp\/v2\/media?parent=370883"}],"wp:term":[{"taxonomy":"category","embeddable":true,"href":"https:\/\/www.europesays.com\/fr\/wp-json\/wp\/v2\/categories?post=370883"},{"taxonomy":"post_tag","embeddable":true,"href":"https:\/\/www.europesays.com\/fr\/wp-json\/wp\/v2\/tags?post=370883"}],"curies":[{"name":"wp","href":"https:\/\/api.w.org\/{rel}","templated":true}]}}