{"id":370885,"date":"2025-09-06T15:16:11","date_gmt":"2025-09-06T15:16:11","guid":{"rendered":"https:\/\/www.europesays.com\/fr\/370885\/"},"modified":"2025-09-06T15:16:11","modified_gmt":"2025-09-06T15:16:11","slug":"a-lile-rousse-une-paillote-prend-feu-provoquant-lexplosion-de-deux-bouteilles-de-gaz","status":"publish","type":"post","link":"https:\/\/www.europesays.com\/fr\/370885\/","title":{"rendered":"\u00c0 L&rsquo;\u00cele-Rousse, une paillote prend feu provoquant l&rsquo;explosion de deux bouteilles de gaz"},"content":{"rendered":"<p>Le service d&rsquo;incendie et de secours de la Haute-Corse a \u00e9t\u00e9 d\u00e9ploy\u00e9 ce samedi 6 septembre pour lutter contre un incendie qui s&rsquo;est d\u00e9clar\u00e9 dans<strong> une paillote \u00e0 L&rsquo;\u00cele-Rousse<\/strong>, indiquent nos confr\u00e8res de \u00ab\u00a0<a href=\"https:\/\/www.corsematin.com\/article\/faits-diversjustice\/3771237080543714\/une-paillote-en-feu-a-lile-rousse\" target=\"_blank\" rel=\"noopener\">Corse Matin\u00a0\u00bb<\/a>. Une \u00e9paisse fum\u00e9e se d\u00e9gageait de la construction et une explosion s&rsquo;est m\u00eame produite, ajoute la m\u00eame source.<\/p>\n<p>L&rsquo;intervention des soldats du feu envoy\u00e9 sur place par le Service d&rsquo;incendie et de secours de la Haute-Corse a permis d&rsquo;\u00e9viter la propagation de l&rsquo;incendie aux autres b\u00e2timents. 31 pompiers ont \u00e9t\u00e9 mobilis\u00e9s. Selon nos confr\u00e8res, le feu aurait pour origine une friteuse, et a compl\u00e8tement d\u00e9truit le restaurant L&rsquo;Agula Marina. \u00ab\u00a0<strong>Deux bouteilles de gaz ont explos\u00e9<\/strong> et ont atterri dans les terrains voisins et ont d\u00e9clench\u00e9 plusieurs incendies\u00a0\u00bb,\u00a0pr\u00e9cisent en sus les secours au quotidien r\u00e9gional.<\/p>\n<p>Des t\u00e9moignages aupr\u00e8s de \u00ab\u00a0Corse Matin\u00a0\u00bb rapportent que <strong>des sc\u00e8nes de panique ont \u00e9t\u00e9 observ\u00e9es sur la plage<\/strong>. Dans les h\u00f4tels voisins, des clients auraient saut\u00e9 par les fen\u00eatres devant le risque de propagation et l&rsquo;explosion entendue. \u00c0 cette heure, aucune victime n&rsquo;est recens\u00e9e.\u00a0<\/p>\n","protected":false},"excerpt":{"rendered":"Le service d&rsquo;incendie et de secours de la Haute-Corse a \u00e9t\u00e9 d\u00e9ploy\u00e9 ce samedi 6 septembre pour lutter&hellip;\n","protected":false},"author":2,"featured_media":370886,"comment_status":"","ping_status":"","sticky":false,"template":"","format":"standard","meta":{"footnotes":""},"categories":[2],"tags":[17,11,274,1312,1011,27,23667,43874,12,50492,6020,50514,96],"class_list":{"0":"post-370885","1":"post","2":"type-post","3":"status-publish","4":"format-standard","5":"has-post-thumbnail","7":"category-actualites","8":"tag-17","9":"tag-actualites","10":"tag-faits-divers-justice","11":"tag-feu","12":"tag-fr","13":"tag-france","14":"tag-lexplosion","15":"tag-lile-rousse","16":"tag-news","17":"tag-paillote","18":"tag-prend","19":"tag-provoquant","20":"tag-une"},"share_on_mastodon":{"url":"https:\/\/pubeurope.com\/@fr\/115158016581016445","error":""},"_links":{"self":[{"href":"https:\/\/www.europesays.com\/fr\/wp-json\/wp\/v2\/posts\/370885","targetHints":{"allow":["GET"]}}],"collection":[{"href":"https:\/\/www.europesays.com\/fr\/wp-json\/wp\/v2\/posts"}],"about":[{"href":"https:\/\/www.europesays.com\/fr\/wp-json\/wp\/v2\/types\/post"}],"author":[{"embeddable":true,"href":"https:\/\/www.europesays.com\/fr\/wp-json\/wp\/v2\/users\/2"}],"replies":[{"embeddable":true,"href":"https:\/\/www.europesays.com\/fr\/wp-json\/wp\/v2\/comments?post=370885"}],"version-history":[{"count":0,"href":"https:\/\/www.europesays.com\/fr\/wp-json\/wp\/v2\/posts\/370885\/revisions"}],"wp:featuredmedia":[{"embeddable":true,"href":"https:\/\/www.europesays.com\/fr\/wp-json\/wp\/v2\/media\/370886"}],"wp:attachment":[{"href":"https:\/\/www.europesays.com\/fr\/wp-json\/wp\/v2\/media?parent=370885"}],"wp:term":[{"taxonomy":"category","embeddable":true,"href":"https:\/\/www.europesays.com\/fr\/wp-json\/wp\/v2\/categories?post=370885"},{"taxonomy":"post_tag","embeddable":true,"href":"https:\/\/www.europesays.com\/fr\/wp-json\/wp\/v2\/tags?post=370885"}],"curies":[{"name":"wp","href":"https:\/\/api.w.org\/{rel}","templated":true}]}}