{"id":370887,"date":"2025-09-06T15:17:10","date_gmt":"2025-09-06T15:17:10","guid":{"rendered":"https:\/\/www.europesays.com\/fr\/370887\/"},"modified":"2025-09-06T15:17:10","modified_gmt":"2025-09-06T15:17:10","slug":"sorbiers-percute-par-une-voiture-un-homme-de-93-ans-grievement-blesse","status":"publish","type":"post","link":"https:\/\/www.europesays.com\/fr\/370887\/","title":{"rendered":"Sorbiers. Percut\u00e9 par une voiture, un homme de 93 ans gri\u00e8vement bless\u00e9"},"content":{"rendered":"<p>Un manque de vigilance qui aurait pu lui \u00eatre fatal. Un homme de 93 ans a \u00e9t\u00e9 percut\u00e9 ce samedi matin peu apr\u00e8s 9 heures par un v\u00e9hicule l\u00e9ger alors qu\u2019il traversait une rue du centre-ville de Sorbiers. Il se serait engag\u00e9 sur le passage pi\u00e9ton alors que le feu tricolore \u00e9tait vert selon les gendarmes. \u00ab\u00a0La victime n\u2019a pas vu la voiture sur la route\u00a0\u00bb, d\u00e9plore la gendarmerie.<\/p>\n<p>  La victime a \u00e9t\u00e9 gravement bless\u00e9e<\/p>\n<p>Si le conducteur de 78 ans n\u2019a pas \u00e9t\u00e9 bless\u00e9, le pi\u00e9ton souffre d\u2019un traumatisme cr\u00e2nien. Douze sapeurs-pompiers, un chef de groupe et un infirmier sont intervenus pour lui porter secours. La victime, \u00ab\u00a0consid\u00e9r\u00e9e bless\u00e9e gravement\u00a0\u00bb selon les pompiers, a \u00e9t\u00e9 transport\u00e9e par le Samu aux urgences de l\u2019H\u00f4pital Nord. <\/p>\n","protected":false},"excerpt":{"rendered":"Un manque de vigilance qui aurait pu lui \u00eatre fatal. Un homme de 93 ans a \u00e9t\u00e9 percut\u00e9&hellip;\n","protected":false},"author":2,"featured_media":370888,"comment_status":"","ping_status":"","sticky":false,"template":"","format":"standard","meta":{"footnotes":""},"categories":[9653],"tags":[119,1111,11,2430,7539,1777,674,274,1011,27,3367,12,25,4001,9664,17204],"class_list":{"0":"post-370887","1":"post","2":"type-post","3":"status-publish","4":"format-standard","5":"has-post-thumbnail","7":"category-saint-etienne","8":"tag-accident","9":"tag-actu","10":"tag-actualites","11":"tag-auvergne-rhone-alpes","12":"tag-edition-loire-sud","13":"tag-eu","14":"tag-europe","15":"tag-faits-divers-justice","16":"tag-fr","17":"tag-france","18":"tag-loire","19":"tag-news","20":"tag-republique-francaise","21":"tag-saint-etienne","22":"tag-saint-etienne-bassin","23":"tag-sorbiers"},"share_on_mastodon":{"url":"https:\/\/pubeurope.com\/@fr\/115158020493649809","error":""},"_links":{"self":[{"href":"https:\/\/www.europesays.com\/fr\/wp-json\/wp\/v2\/posts\/370887","targetHints":{"allow":["GET"]}}],"collection":[{"href":"https:\/\/www.europesays.com\/fr\/wp-json\/wp\/v2\/posts"}],"about":[{"href":"https:\/\/www.europesays.com\/fr\/wp-json\/wp\/v2\/types\/post"}],"author":[{"embeddable":true,"href":"https:\/\/www.europesays.com\/fr\/wp-json\/wp\/v2\/users\/2"}],"replies":[{"embeddable":true,"href":"https:\/\/www.europesays.com\/fr\/wp-json\/wp\/v2\/comments?post=370887"}],"version-history":[{"count":0,"href":"https:\/\/www.europesays.com\/fr\/wp-json\/wp\/v2\/posts\/370887\/revisions"}],"wp:featuredmedia":[{"embeddable":true,"href":"https:\/\/www.europesays.com\/fr\/wp-json\/wp\/v2\/media\/370888"}],"wp:attachment":[{"href":"https:\/\/www.europesays.com\/fr\/wp-json\/wp\/v2\/media?parent=370887"}],"wp:term":[{"taxonomy":"category","embeddable":true,"href":"https:\/\/www.europesays.com\/fr\/wp-json\/wp\/v2\/categories?post=370887"},{"taxonomy":"post_tag","embeddable":true,"href":"https:\/\/www.europesays.com\/fr\/wp-json\/wp\/v2\/tags?post=370887"}],"curies":[{"name":"wp","href":"https:\/\/api.w.org\/{rel}","templated":true}]}}