{"id":370891,"date":"2025-09-06T15:21:24","date_gmt":"2025-09-06T15:21:24","guid":{"rendered":"https:\/\/www.europesays.com\/fr\/370891\/"},"modified":"2025-09-06T15:21:24","modified_gmt":"2025-09-06T15:21:24","slug":"nancy-hommage-a-pierre-valck-decede-ce-vendredi","status":"publish","type":"post","link":"https:\/\/www.europesays.com\/fr\/370891\/","title":{"rendered":"Nancy. Hommage \u00e0 Pierre Valck, d\u00e9c\u00e9d\u00e9 ce vendredi"},"content":{"rendered":"<p>Le monde de l\u2019horticulture est en deuil. C\u2019est avec tristesse que nous venons d\u2019apprendre le d\u00e9c\u00e8s de Pierre Valck, survenu le 5\u00a0septembre, ancien directeur du jardin botanique Sainte-Catherine (aujourd\u2019hui jardin Dominique Alexandre Godron), puis des jardins botaniques Jean-Marie Pelt, et du jardin d\u2019altitude du Haut-Chitelet.<\/p>\n<p>C\u2019est \u00e0 l\u2019occasion de la manifestation \u00ab\u00a0La P\u00e9pini\u00e8re en vert\u00a0\u00bb qui se tient tout ce week-end, qu\u2019un vibrant hommage lui a \u00e9t\u00e9 rendu par Pierre Didierjean, ancien directeur du service \u00e9cologie et nature de la ville de Nancy. \u00ab\u00a0Pierre Valck a su par son engagement et sa vision faire de ces lieux des r\u00e9f\u00e9rences pour la connaissance, la pr\u00e9servation et le partage du monde v\u00e9g\u00e9tal, a-t-il d\u00e9clar\u00e9. Conf\u00e9rencier infatigable et captivant, Pierre savait transmettre son amour du monde v\u00e9g\u00e9tal avec simplicit\u00e9 et chaleur. On aimait l\u2019\u00e9couter, apprendre de lui, partager son enthousiasme.\u00a0\u00bb<\/p>\n<p>Pr\u00e9sident de la Soci\u00e9t\u00e9 centrale d\u2019horticulture de Nancy de 2009 \u00e0 2012, initiateur de la f\u00eate des plantes de Gerb\u00e9viller, et du prix \u00c9mile-Gall\u00e9 (d\u00e9cern\u00e9 ce samedi), Pierre Valck a beaucoup \u0153uvr\u00e9 pour la cause des plantes et pour la transmission du savoir.<\/p>\n<p>Nos condol\u00e9ances.<\/p>\n","protected":false},"excerpt":{"rendered":"Le monde de l\u2019horticulture est en deuil. C\u2019est avec tristesse que nous venons d\u2019apprendre le d\u00e9c\u00e8s de Pierre&hellip;\n","protected":false},"author":2,"featured_media":370892,"comment_status":"","ping_status":"","sticky":false,"template":"","format":"standard","meta":{"footnotes":""},"categories":[9635],"tags":[1111,11,9223,1704,436,1777,674,1011,27,775,1702,1703,1391,12,25,104],"class_list":{"0":"post-370891","1":"post","2":"type-post","3":"status-publish","4":"format-standard","5":"has-post-thumbnail","7":"category-nancy","8":"tag-actu","9":"tag-actualites","10":"tag-carnet-du-jour","11":"tag-edition-nancy-et-agglomeration","12":"tag-environnement","13":"tag-eu","14":"tag-europe","15":"tag-fr","16":"tag-france","17":"tag-grand-est","18":"tag-nancy","19":"tag-nancy-ville-54b","20":"tag-necrologie","21":"tag-news","22":"tag-republique-francaise","23":"tag-societe"},"share_on_mastodon":{"url":"https:\/\/pubeurope.com\/@fr\/115158036232102695","error":""},"_links":{"self":[{"href":"https:\/\/www.europesays.com\/fr\/wp-json\/wp\/v2\/posts\/370891","targetHints":{"allow":["GET"]}}],"collection":[{"href":"https:\/\/www.europesays.com\/fr\/wp-json\/wp\/v2\/posts"}],"about":[{"href":"https:\/\/www.europesays.com\/fr\/wp-json\/wp\/v2\/types\/post"}],"author":[{"embeddable":true,"href":"https:\/\/www.europesays.com\/fr\/wp-json\/wp\/v2\/users\/2"}],"replies":[{"embeddable":true,"href":"https:\/\/www.europesays.com\/fr\/wp-json\/wp\/v2\/comments?post=370891"}],"version-history":[{"count":0,"href":"https:\/\/www.europesays.com\/fr\/wp-json\/wp\/v2\/posts\/370891\/revisions"}],"wp:featuredmedia":[{"embeddable":true,"href":"https:\/\/www.europesays.com\/fr\/wp-json\/wp\/v2\/media\/370892"}],"wp:attachment":[{"href":"https:\/\/www.europesays.com\/fr\/wp-json\/wp\/v2\/media?parent=370891"}],"wp:term":[{"taxonomy":"category","embeddable":true,"href":"https:\/\/www.europesays.com\/fr\/wp-json\/wp\/v2\/categories?post=370891"},{"taxonomy":"post_tag","embeddable":true,"href":"https:\/\/www.europesays.com\/fr\/wp-json\/wp\/v2\/tags?post=370891"}],"curies":[{"name":"wp","href":"https:\/\/api.w.org\/{rel}","templated":true}]}}