{"id":370895,"date":"2025-09-06T15:23:11","date_gmt":"2025-09-06T15:23:11","guid":{"rendered":"https:\/\/www.europesays.com\/fr\/370895\/"},"modified":"2025-09-06T15:23:11","modified_gmt":"2025-09-06T15:23:11","slug":"toulon-zem-de-laurent-gaude","status":"publish","type":"post","link":"https:\/\/www.europesays.com\/fr\/370895\/","title":{"rendered":"TOULON : \u00ab\u00a0Zem\u00a0\u00bb, de Laurent GAUDE"},"content":{"rendered":"<p style=\"text-align: left;\"><strong>En cette semaine de rentr\u00e9e, il est temps, plus que jamais, de s\u2019\u00e9vader !<\/strong><\/p>\n<p style=\"text-align: left;\">Pour trouver une bonne raison de se lever, chercher un peu de magie ou d\u00e9nicher la joie l\u00e0 o\u00f9 on ne l\u2019attend pas, notre librairie vous ouvre grand ses bras !<\/p>\n<p style=\"text-align: left;\"><strong>Une dystopie haletante et po\u00e9tique<\/strong><\/p>\n<p style=\"text-align: left;\">Un roman qui ne manquera pas de faire \u00e9cho avec notre actualit\u00e9, une dystopie polici\u00e8re dans la lign\u00e9e de Blade Runner, que ne renieraient pas les ma\u00eetres du genre. Empathie, r\u00e9flexion, suspense, po\u00e9sie, \u00e9criture, d\u00e9cid\u00e9ment Laurent Gaud\u00e9 est excellent dans tous les genres !<\/p>\n<p style=\"text-align: left;\"><a href=\"http:\/\/t.communication.libraires-ensemble.com\/l2\/82ulhLvNV32\/358228\/4129938739.html?s=20\" rel=\"nofollow noopener\" target=\"_blank\">je le commande<\/a><\/p>\n<p style=\"text-align: left;\"><strong>SOURCE : Librairie Charlemagne Toulon.<\/strong><\/p>\n","protected":false},"excerpt":{"rendered":"En cette semaine de rentr\u00e9e, il est temps, plus que jamais, de s\u2019\u00e9vader ! Pour trouver une bonne&hellip;\n","protected":false},"author":2,"featured_media":370896,"comment_status":"","ping_status":"","sticky":false,"template":"","format":"standard","meta":{"footnotes":""},"categories":[9619],"tags":[1111,11,1777,674,1011,27,12,882,25,2310],"class_list":{"0":"post-370895","1":"post","2":"type-post","3":"status-publish","4":"format-standard","5":"has-post-thumbnail","7":"category-toulon","8":"tag-actu","9":"tag-actualites","10":"tag-eu","11":"tag-europe","12":"tag-fr","13":"tag-france","14":"tag-news","15":"tag-provence-alpes-cote-dazur","16":"tag-republique-francaise","17":"tag-toulon"},"share_on_mastodon":{"url":"https:\/\/pubeurope.com\/@fr\/115158044099250382","error":""},"_links":{"self":[{"href":"https:\/\/www.europesays.com\/fr\/wp-json\/wp\/v2\/posts\/370895","targetHints":{"allow":["GET"]}}],"collection":[{"href":"https:\/\/www.europesays.com\/fr\/wp-json\/wp\/v2\/posts"}],"about":[{"href":"https:\/\/www.europesays.com\/fr\/wp-json\/wp\/v2\/types\/post"}],"author":[{"embeddable":true,"href":"https:\/\/www.europesays.com\/fr\/wp-json\/wp\/v2\/users\/2"}],"replies":[{"embeddable":true,"href":"https:\/\/www.europesays.com\/fr\/wp-json\/wp\/v2\/comments?post=370895"}],"version-history":[{"count":0,"href":"https:\/\/www.europesays.com\/fr\/wp-json\/wp\/v2\/posts\/370895\/revisions"}],"wp:featuredmedia":[{"embeddable":true,"href":"https:\/\/www.europesays.com\/fr\/wp-json\/wp\/v2\/media\/370896"}],"wp:attachment":[{"href":"https:\/\/www.europesays.com\/fr\/wp-json\/wp\/v2\/media?parent=370895"}],"wp:term":[{"taxonomy":"category","embeddable":true,"href":"https:\/\/www.europesays.com\/fr\/wp-json\/wp\/v2\/categories?post=370895"},{"taxonomy":"post_tag","embeddable":true,"href":"https:\/\/www.europesays.com\/fr\/wp-json\/wp\/v2\/tags?post=370895"}],"curies":[{"name":"wp","href":"https:\/\/api.w.org\/{rel}","templated":true}]}}