{"id":370897,"date":"2025-09-06T15:24:19","date_gmt":"2025-09-06T15:24:19","guid":{"rendered":"https:\/\/www.europesays.com\/fr\/370897\/"},"modified":"2025-09-06T15:24:19","modified_gmt":"2025-09-06T15:24:19","slug":"soriech-la-nouvelle-station-de-la-ligne-3","status":"publish","type":"post","link":"https:\/\/www.europesays.com\/fr\/370897\/","title":{"rendered":"Soriech, la nouvelle station de la ligne 3\u00a0?"},"content":{"rendered":"<p>            Par<br \/>\n        <strong><br \/>\n            <a href=\"https:\/\/actu.fr\/auteur\/j-phan\" title=\"Consulter tous les articles de Jordan Phan\" target=\"_blank\" rel=\"noopener\">Jordan Phan<\/a><br \/>\n        <\/strong><\/p>\n<p>        Publi\u00e9 le<\/p>\n<p>            6 sept. 2025 \u00e0 16h40        <\/p>\n<p>Que d\u2019am\u00e9nagements pour la <strong>ligne 3 de tramway<\/strong> \u00e0 Montpellier. Ce<strong> mercredi 3 septembre 2025<\/strong>, le maire Micha\u00ebl Delafosse et les \u00e9lus ont lanc\u00e9 les travaux de la nouvelle station \u00ab\u00a0<strong>Boirargues\u00a0\u00bb<\/strong>, en suppl\u00e9ment de celle d\u00e9j\u00e0 pr\u00e9sente. Une premi\u00e8re pierre \u00e0 l\u2019\u00e9difice qui d\u00e9butera par l\u2019<strong>\u00e9largissement de la chauss\u00e9e<\/strong> ainsi que la conception des <strong>massifs des poteaux<\/strong> de la ligne a\u00e9rienne de contact (LAC) ext\u00e9rieurs. Le nouvel arr\u00eat permettra de renforcer l\u2019attractivit\u00e9 des quartiers attenants, Boirargues et la zone commerciale du Soriech.<\/p>\n<p>Pourquoi une nouvelle station ?<\/p>\n<p class=\" wall-content\">La nouvelle station \u00ab\u00a0Boirargues\u00a0\u00bb s\u2019implantera entre l\u2019<strong>arr\u00eat Pablo Picasso<\/strong> et l\u2019actuel <strong>arr\u00eat Boirargues<\/strong> de la ligne 3 du tramway. Elle se situera donc sur l\u2019<strong>avenue Georges Fr\u00eache<\/strong>, au niveau de l\u2019intersection avec le <strong>chemin du Mas Rouge<\/strong> et le<strong> chemin de Soriech<\/strong>. Le but ? Le principal objectif est d\u2019<strong>assurer la desserte directe<\/strong> du quartier de Boirargues et de la zone commerciale Solis\/Soriech.<\/p>\n<p class=\" wall-content\">L\u2019actuelle station Boirargues se renommera \u00ab\u00a0<strong>Soriech<\/strong>\u00ab\u00a0, en r\u00e9f\u00e9rence \u00e0 la zone commerciale, tout en conservant son emplacement actuel.<\/p>\n<p>    <img   decoding=\"async\" loading=\"lazy\" src=\"https:\/\/www.europesays.com\/fr\/wp-content\/uploads\/2025\/09\/capture-decran-2025-09-05-a-114637-960x640.png\" alt=\"Une liaison routi\u00e8re sera cr\u00e9\u00e9e \u00e0 Lattes entre le chemin du Mas Rouge et le chemin de Soriech.\" width=\"960\" height=\"640\"\/><br \/>\n    Une liaison routi\u00e8re sera cr\u00e9\u00e9e \u00e0 Lattes entre le chemin du Mas Rouge et le chemin de Soriech. (\u00a9Ville et M\u00e9tropole de Montpellier)Vid\u00e9os : en ce moment sur ActuLes chiffres cl\u00e9s du projet<\/p>\n<p>&#8211; 1 station cr\u00e9\u00e9e \u201cBoirargues\u201d  <br \/>&#8211; 1 station renomm\u00e9e \u201cSoriech\u201d<br \/>&#8211; 1 tram toutes les 6 \u00e0 7 minutes  <br \/>&#8211; 3 000 personnes desservies par la nouvelle station Boirargues<br \/>&#8211; 1 350 heures d\u2019insertion professionnelle g\u00e9n\u00e9r\u00e9es par les travaux<\/p>\n<p class=\" wall-content\">Personnalisez votre actualit\u00e9 en ajoutant vos villes et m\u00e9dias en favori avec <a href=\"https:\/\/moncompte.actu.fr\" title=\"D\u00e9couvez Mon Actu\" rel=\"nofollow noopener\" data-trk=\"{&quot;cta&quot;:{&quot;action&quot;:&quot;https:\\\/\\\/moncompte.actu.fr&quot;,&quot;category&quot;:&quot;mon compte&quot;,&quot;from&quot;:&quot;article footer&quot;,&quot;name&quot;:&quot;Mon actu&quot;,&quot;type&quot;:&quot;cta&quot;}}\" target=\"_blank\">Mon Actu<\/a>.<\/p>\n","protected":false},"excerpt":{"rendered":"Par Jordan Phan Publi\u00e9 le 6 sept. 2025 \u00e0 16h40 Que d\u2019am\u00e9nagements pour la ligne 3 de tramway&hellip;\n","protected":false},"author":2,"featured_media":370898,"comment_status":"","ping_status":"","sticky":false,"template":"","format":"standard","meta":{"footnotes":""},"categories":[9599],"tags":[1111,11,1777,674,1011,27,2208,12,2680,25,104,2803,2086],"class_list":{"0":"post-370897","1":"post","2":"type-post","3":"status-publish","4":"format-standard","5":"has-post-thumbnail","7":"category-montpellier","8":"tag-actu","9":"tag-actualites","10":"tag-eu","11":"tag-europe","12":"tag-fr","13":"tag-france","14":"tag-montpellier","15":"tag-news","16":"tag-occitanie","17":"tag-republique-francaise","18":"tag-societe","19":"tag-transport","20":"tag-travaux"},"share_on_mastodon":{"url":"https:\/\/pubeurope.com\/@fr\/115158048539782900","error":""},"_links":{"self":[{"href":"https:\/\/www.europesays.com\/fr\/wp-json\/wp\/v2\/posts\/370897","targetHints":{"allow":["GET"]}}],"collection":[{"href":"https:\/\/www.europesays.com\/fr\/wp-json\/wp\/v2\/posts"}],"about":[{"href":"https:\/\/www.europesays.com\/fr\/wp-json\/wp\/v2\/types\/post"}],"author":[{"embeddable":true,"href":"https:\/\/www.europesays.com\/fr\/wp-json\/wp\/v2\/users\/2"}],"replies":[{"embeddable":true,"href":"https:\/\/www.europesays.com\/fr\/wp-json\/wp\/v2\/comments?post=370897"}],"version-history":[{"count":0,"href":"https:\/\/www.europesays.com\/fr\/wp-json\/wp\/v2\/posts\/370897\/revisions"}],"wp:featuredmedia":[{"embeddable":true,"href":"https:\/\/www.europesays.com\/fr\/wp-json\/wp\/v2\/media\/370898"}],"wp:attachment":[{"href":"https:\/\/www.europesays.com\/fr\/wp-json\/wp\/v2\/media?parent=370897"}],"wp:term":[{"taxonomy":"category","embeddable":true,"href":"https:\/\/www.europesays.com\/fr\/wp-json\/wp\/v2\/categories?post=370897"},{"taxonomy":"post_tag","embeddable":true,"href":"https:\/\/www.europesays.com\/fr\/wp-json\/wp\/v2\/tags?post=370897"}],"curies":[{"name":"wp","href":"https:\/\/api.w.org\/{rel}","templated":true}]}}