{"id":370901,"date":"2025-09-06T15:28:17","date_gmt":"2025-09-06T15:28:17","guid":{"rendered":"https:\/\/www.europesays.com\/fr\/370901\/"},"modified":"2025-09-06T15:28:17","modified_gmt":"2025-09-06T15:28:17","slug":"participez-a-une-etude-racontez-votre-visite-a-cosmocite-echosciences","status":"publish","type":"post","link":"https:\/\/www.europesays.com\/fr\/370901\/","title":{"rendered":"Participez \u00e0 une \u00e9tude : racontez votre visite \u00e0 Cosmocit\u00e9 ! | ECHOSCIENCES"},"content":{"rendered":"<p data-start=\"279\" data-end=\"493\"><b>Vous avez visit\u00e9 Cosmocit\u00e9 ? <\/b><br \/>Dans le cadre de mon m\u00e9moire de fin d\u2019\u00e9tudes (Master 2 Communication, culture et institutions), je recherche des personnes disponibles pour un entretien en visioconf\u00e9rence d\u2019environ 15 minutes. L\u2019objectif est de recueillir vos impressions et retours sur votre exp\u00e9rience de visite.<\/p>\n<p data-start=\"586\" data-end=\"656\">Votre participation sera pr\u00e9cieuse pour enrichir mon m\u00e9moire !<\/p>\n<p data-start=\"658\" data-end=\"770\"><b>\u27a1\ufe0f Si vous \u00eates int\u00e9ress\u00e9\u00b7e, il vous suffit de <a href=\"https:\/\/calendly.com\/manon-caradot-territoiresci\/30min\" target=\"_blank\" rel=\"nofollow noopener\">r\u00e9server un cr\u00e9neau ici<\/a>\ufeff.\u00a0<\/b><\/p>\n<p data-start=\"772\" data-end=\"824\">Merci beaucoup pour votre aide !<\/p>\n<p>\ufeffManon Caradot<\/p>\n","protected":false},"excerpt":{"rendered":"Vous avez visit\u00e9 Cosmocit\u00e9 ? Dans le cadre de mon m\u00e9moire de fin d\u2019\u00e9tudes (Master 2 Communication, culture&hellip;\n","protected":false},"author":2,"featured_media":370902,"comment_status":"","ping_status":"","sticky":false,"template":"","format":"standard","meta":{"footnotes":""},"categories":[9566],"tags":[1111,11,2430,1777,674,1011,27,2731,12,25],"class_list":{"0":"post-370901","1":"post","2":"type-post","3":"status-publish","4":"format-standard","5":"has-post-thumbnail","7":"category-grenoble","8":"tag-actu","9":"tag-actualites","10":"tag-auvergne-rhone-alpes","11":"tag-eu","12":"tag-europe","13":"tag-fr","14":"tag-france","15":"tag-grenoble","16":"tag-news","17":"tag-republique-francaise"},"share_on_mastodon":{"url":"https:\/\/pubeurope.com\/@fr\/115158063795831404","error":""},"_links":{"self":[{"href":"https:\/\/www.europesays.com\/fr\/wp-json\/wp\/v2\/posts\/370901","targetHints":{"allow":["GET"]}}],"collection":[{"href":"https:\/\/www.europesays.com\/fr\/wp-json\/wp\/v2\/posts"}],"about":[{"href":"https:\/\/www.europesays.com\/fr\/wp-json\/wp\/v2\/types\/post"}],"author":[{"embeddable":true,"href":"https:\/\/www.europesays.com\/fr\/wp-json\/wp\/v2\/users\/2"}],"replies":[{"embeddable":true,"href":"https:\/\/www.europesays.com\/fr\/wp-json\/wp\/v2\/comments?post=370901"}],"version-history":[{"count":0,"href":"https:\/\/www.europesays.com\/fr\/wp-json\/wp\/v2\/posts\/370901\/revisions"}],"wp:featuredmedia":[{"embeddable":true,"href":"https:\/\/www.europesays.com\/fr\/wp-json\/wp\/v2\/media\/370902"}],"wp:attachment":[{"href":"https:\/\/www.europesays.com\/fr\/wp-json\/wp\/v2\/media?parent=370901"}],"wp:term":[{"taxonomy":"category","embeddable":true,"href":"https:\/\/www.europesays.com\/fr\/wp-json\/wp\/v2\/categories?post=370901"},{"taxonomy":"post_tag","embeddable":true,"href":"https:\/\/www.europesays.com\/fr\/wp-json\/wp\/v2\/tags?post=370901"}],"curies":[{"name":"wp","href":"https:\/\/api.w.org\/{rel}","templated":true}]}}