{"id":370903,"date":"2025-09-06T15:29:10","date_gmt":"2025-09-06T15:29:10","guid":{"rendered":"https:\/\/www.europesays.com\/fr\/370903\/"},"modified":"2025-09-06T15:29:10","modified_gmt":"2025-09-06T15:29:10","slug":"rendez-vous-du-10-septembre-a-grenoble-%f0%9f%94%b4-info-libertaire","status":"publish","type":"post","link":"https:\/\/www.europesays.com\/fr\/370903\/","title":{"rendered":"Rendez-vous du 10 septembre \u00e0 Grenoble \u2013 \ud83d\udd34 Info Libertaire"},"content":{"rendered":"<p><\/p>\n<p><strong>Le 10 septembre s\u2019organise durant les AG, ouvertes \u00e0 toutes et tous, qui ont lieu au parc Paul-Mistral (le PPM), tous les 5 jours. Retrouvez les en cliquant sur le lien D\u00e9mosph\u00e8re ci-dessous.<\/strong><\/p>\n<p>L\u2019AG a d\u00e9cid\u00e9 plusieurs rendez-vous avant le 10 septembre, diff de tract, formation anti-r\u00e9pression, etc.<\/p>\n<p>Le 10 s\u2019organise autour de 3 temps<\/p>\n<p class=\"has-text-align-center\"><strong>Matin : <\/strong>pr\u00e9sence sur les axes routiers<br \/><strong>Apr\u00e8s-midi : <\/strong>manif, 16h place Victor-Hugo<br \/><strong>Fin de journ\u00e9e : <\/strong>AG de lutte<\/p>\n<p><a href=\"https:\/\/www.anarchistfederation.net\/pixel.jpg\" rel=\"nofollow noopener\" target=\"_blank\"><img loading=\"lazy\" decoding=\"async\" width=\"1024\" height=\"449\" src=\"\/wp-content\/uploads\/2025\/09\/rendez-vous-du-10-septembre-a-grenoble.jpg?x28756\" alt=\"\" class=\"wp-image-4570 lazy\" data-pagespeed-url-hash=\"1196230825\" onload=\"pagespeed.CriticalImages.checkImageForCriticality(this);\"\/><\/a><\/p>\n<p class=\"has-text-align-center has-vivid-red-color has-text-color has-link-color wp-elements-4274bb78b1f2745576857ac224c49765\"><strong>La CNT soutient et appelle \u00e0 s\u2019associer au 10 septembre !<\/strong><\/p>\n<p>Tous les rendez-vous sont \u00e0 retrouver sur le site <a href=\"https:\/\/38.demosphere.net\/\" rel=\"nofollow noopener\" target=\"_blank\">D\u00e9moshp\u00e8re<\/a> r\u00e9activ\u00e9 pour l\u2019occasion. En plus des rendez-vous, vous y retrouverez diff\u00e9rent canaux Telegram permettant de se tenir au courant et de participer.<\/p>\n<p class=\"has-text-align-center\"><a href=\"https:\/\/38.demosphere.net\/\" rel=\"nofollow noopener\" target=\"_blank\">https:\/\/38.demosphere.net\/<\/a> <\/p>\n<p><a href=\"https:\/\/38.demosphere.net\/\" rel=\"nofollow noopener\" target=\"_blank\"><img loading=\"lazy\" decoding=\"async\" width=\"857\" height=\"330\" src=\"\/wp-content\/uploads\/2025\/09\/rendez-vous-du-10-septembre-a-grenoble.png?x28756\" alt=\"\" class=\"wp-image-4572 lazy\" data-pagespeed-url-hash=\"464532095\" onload=\"pagespeed.CriticalImages.checkImageForCriticality(this);\"\/><\/a><\/p>\n<p class=\"has-text-align-center\"><strong>Comment faire gr\u00e8ve le 10 septembre ? <\/strong><br \/>Retrouvez l\u2019article d\u00e9taill\u00e9 ici : <br \/><a href=\"https:\/\/ul38.cnt-f.org\/2025\/09\/02\/greve\/\" rel=\"nofollow noopener\" target=\"_blank\">https:\/\/ul38.cnt-f.org\/2025\/09\/02\/greve\/<\/a><\/p>\n<p><br clear=\"both\"\/><\/p>\n<p><\/p>\n<p><strong>Source:<\/strong> <a href=\"https:\/\/ul38.cnt-f.org\/2025\/09\/06\/rendez-vous-du-10-septembre-a-grenoble\/\" target=\"_blank\" rel=\"nofollow noopener\">Ul38.cnt-f.org<\/a><br \/>\n<\/p>\n<p><a href=\"https:\/\/www.libertaire.net\" class=\"forum-button\" style=\"border-top:0\" rel=\"nofollow noopener\" target=\"_blank\"><\/p>\n<p>Commenter Dans Le Forum\t<\/a><\/p>\n","protected":false},"excerpt":{"rendered":"Le 10 septembre s\u2019organise durant les AG, ouvertes \u00e0 toutes et tous, qui ont lieu au parc Paul-Mistral&hellip;\n","protected":false},"author":2,"featured_media":370904,"comment_status":"","ping_status":"","sticky":false,"template":"","format":"standard","meta":{"footnotes":""},"categories":[9566],"tags":[1111,11,2430,1777,674,1011,27,2731,12,25],"class_list":{"0":"post-370903","1":"post","2":"type-post","3":"status-publish","4":"format-standard","5":"has-post-thumbnail","7":"category-grenoble","8":"tag-actu","9":"tag-actualites","10":"tag-auvergne-rhone-alpes","11":"tag-eu","12":"tag-europe","13":"tag-fr","14":"tag-france","15":"tag-grenoble","16":"tag-news","17":"tag-republique-francaise"},"share_on_mastodon":{"url":"https:\/\/pubeurope.com\/@fr\/115158067723329836","error":""},"_links":{"self":[{"href":"https:\/\/www.europesays.com\/fr\/wp-json\/wp\/v2\/posts\/370903","targetHints":{"allow":["GET"]}}],"collection":[{"href":"https:\/\/www.europesays.com\/fr\/wp-json\/wp\/v2\/posts"}],"about":[{"href":"https:\/\/www.europesays.com\/fr\/wp-json\/wp\/v2\/types\/post"}],"author":[{"embeddable":true,"href":"https:\/\/www.europesays.com\/fr\/wp-json\/wp\/v2\/users\/2"}],"replies":[{"embeddable":true,"href":"https:\/\/www.europesays.com\/fr\/wp-json\/wp\/v2\/comments?post=370903"}],"version-history":[{"count":0,"href":"https:\/\/www.europesays.com\/fr\/wp-json\/wp\/v2\/posts\/370903\/revisions"}],"wp:featuredmedia":[{"embeddable":true,"href":"https:\/\/www.europesays.com\/fr\/wp-json\/wp\/v2\/media\/370904"}],"wp:attachment":[{"href":"https:\/\/www.europesays.com\/fr\/wp-json\/wp\/v2\/media?parent=370903"}],"wp:term":[{"taxonomy":"category","embeddable":true,"href":"https:\/\/www.europesays.com\/fr\/wp-json\/wp\/v2\/categories?post=370903"},{"taxonomy":"post_tag","embeddable":true,"href":"https:\/\/www.europesays.com\/fr\/wp-json\/wp\/v2\/tags?post=370903"}],"curies":[{"name":"wp","href":"https:\/\/api.w.org\/{rel}","templated":true}]}}