{"id":370905,"date":"2025-09-06T15:30:18","date_gmt":"2025-09-06T15:30:18","guid":{"rendered":"https:\/\/www.europesays.com\/fr\/370905\/"},"modified":"2025-09-06T15:30:18","modified_gmt":"2025-09-06T15:30:18","slug":"le-mouvement-bloquons-tout-tranche-avec-lhistoire-longue-des-mouvements-sociaux","status":"publish","type":"post","link":"https:\/\/www.europesays.com\/fr\/370905\/","title":{"rendered":"\u00ab\u00a0Le mouvement Bloquons tout tranche avec l\u2019histoire longue des mouvements sociaux\u00a0\u00bb"},"content":{"rendered":"<p>                         <img loading=\"lazy\" decoding=\"async\" src=\"https:\/\/www.europesays.com\/fr\/wp-content\/uploads\/2025\/09\/04e4995_upload-1-5x3vm0bvu8bj-marion-fontaine.jpg\" alt=\"Marion Fontaine.\"   width=\"664\" height=\"443\"\/>    Marion Fontaine.  YANN LEGENDRE                 <\/p>\n<p class=\"article__paragraph  \">La probable chute, le 8\u00a0septembre, du gouvernement de Fran\u00e7ois Bayrou, qui a d\u00e9cid\u00e9 de solliciter un vote de confiance au Parlement, n\u2019a pas d\u00e9courag\u00e9 <a href=\"https:\/\/www.lemonde.fr\/pixels\/article\/2025\/08\/06\/bloquons-tout-le-10-septembre-aux-origines-d-un-mouvement-viral-et-fourre-tout_6627156_4408996.html\" rel=\"nofollow noopener\" target=\"_blank\">les organisateurs du mouvement du 10\u00a0septembre<\/a>, qui entendent \u00ab\u00a0tout bloquer\u00a0\u00bb ce jour-l\u00e0. Comment s\u2019inscrit ce mouvement atypique dans l\u2019histoire sociale du pays\u00a0? A quoi renvoie la menace de gr\u00e8ve g\u00e9n\u00e9rale brandie par Jean-Luc M\u00e9lenchon\u00a0? Entretien avec Marion Fontaine, historienne des socialismes et du mouvement ouvrier, professeure au Centre d\u2019histoire de Sciences Po.<\/p>\n<p>                Le mouvement Bloquons tout peut-il se rattacher \u00e0 une tradition de lutte sociale en France\u00a0?           <\/p>\n<p class=\"article__paragraph  \">Il faut rester prudent, car ce mouvement est encore dans les limbes et ses formes sont confuses. Pour l\u2019instant, il existe surtout dans les anticipations des acteurs politiques ou syndicaux. D\u2019un point de vue historique, il s\u2019inscrit dans une chronologie extr\u00eamement courte, dont le point de d\u00e9part se situe dans les ann\u00e9es 2000. C\u2019est celle des mouvements citoyens qui se mobilisent sur les r\u00e9seaux sociaux\u00a0: mouvement des \u00ab\u00a0indign\u00e9s\u00a0\u00bb, Nuit debout, \u00ab\u00a0gilets jaunes\u00a0\u00bb\u2026 En arri\u00e8re-plan, on trouve la r\u00e9forme des retraites et l\u2019\u00e9chec des grandes mobilisations syndicales de 2024, qui n\u2019ont pas r\u00e9ussi \u00e0 la faire retirer.<\/p>\n<p class=\"reading-mode-only \"><strong>Il vous reste 87.24% de cet article \u00e0 lire. La suite est r\u00e9serv\u00e9e aux abonn\u00e9s.<\/strong><\/p>\n","protected":false},"excerpt":{"rendered":"Marion Fontaine. YANN LEGENDRE La probable chute, le 8\u00a0septembre, du gouvernement de Fran\u00e7ois Bayrou, qui a d\u00e9cid\u00e9 de&hellip;\n","protected":false},"author":2,"featured_media":370906,"comment_status":"","ping_status":"","sticky":false,"template":"","format":"standard","meta":{"footnotes":""},"categories":[2821],"tags":[1111,11,829,1777,674,1011,27,12,584,25],"class_list":{"0":"post-370905","1":"post","2":"type-post","3":"status-publish","4":"format-standard","5":"has-post-thumbnail","7":"category-rennes","8":"tag-actu","9":"tag-actualites","10":"tag-bretagne","11":"tag-eu","12":"tag-europe","13":"tag-fr","14":"tag-france","15":"tag-news","16":"tag-rennes","17":"tag-republique-francaise"},"share_on_mastodon":{"url":"https:\/\/pubeurope.com\/@fr\/115158071587949357","error":""},"_links":{"self":[{"href":"https:\/\/www.europesays.com\/fr\/wp-json\/wp\/v2\/posts\/370905","targetHints":{"allow":["GET"]}}],"collection":[{"href":"https:\/\/www.europesays.com\/fr\/wp-json\/wp\/v2\/posts"}],"about":[{"href":"https:\/\/www.europesays.com\/fr\/wp-json\/wp\/v2\/types\/post"}],"author":[{"embeddable":true,"href":"https:\/\/www.europesays.com\/fr\/wp-json\/wp\/v2\/users\/2"}],"replies":[{"embeddable":true,"href":"https:\/\/www.europesays.com\/fr\/wp-json\/wp\/v2\/comments?post=370905"}],"version-history":[{"count":0,"href":"https:\/\/www.europesays.com\/fr\/wp-json\/wp\/v2\/posts\/370905\/revisions"}],"wp:featuredmedia":[{"embeddable":true,"href":"https:\/\/www.europesays.com\/fr\/wp-json\/wp\/v2\/media\/370906"}],"wp:attachment":[{"href":"https:\/\/www.europesays.com\/fr\/wp-json\/wp\/v2\/media?parent=370905"}],"wp:term":[{"taxonomy":"category","embeddable":true,"href":"https:\/\/www.europesays.com\/fr\/wp-json\/wp\/v2\/categories?post=370905"},{"taxonomy":"post_tag","embeddable":true,"href":"https:\/\/www.europesays.com\/fr\/wp-json\/wp\/v2\/tags?post=370905"}],"curies":[{"name":"wp","href":"https:\/\/api.w.org\/{rel}","templated":true}]}}